{"id":20042,"date":"2020-09-29T10:55:57","date_gmt":"2020-09-29T07:55:57","guid":{"rendered":"https:\/\/euconlaw.com\/nowe-warunki-nowe-potrzeby-nowy-format-24-wrzesnia-odbylo-sie-xii-miedzynarodowe-forum-polsko-ukrainskie-dni-biznesowe-po-raz-pierwszy-w-formacie-online\/"},"modified":"2020-09-29T10:55:57","modified_gmt":"2020-09-29T07:55:57","slug":"nowe-warunki-nowe-potrzeby-nowy-format-24-wrzesnia-odbylo-sie-xii-miedzynarodowe-forum-polsko-ukrainskie-dni-biznesowe-po-raz-pierwszy-w-formacie-online","status":"publish","type":"post","link":"https:\/\/euconlaw.com\/pl\/nowe-warunki-nowe-potrzeby-nowy-format-24-wrzesnia-odbylo-sie-xii-miedzynarodowe-forum-polsko-ukrainskie-dni-biznesowe-po-raz-pierwszy-w-formacie-online\/","title":{"rendered":"Nowe warunki, nowe potrzeby, nowy format: 24 wrze\u015bnia odby\u0142o si\u0119 XII Mi\u0119dzynarodowe Forum &#8222;Polsko-Ukrai\u0144skie dni biznesowe&#8221; po raz pierwszy w formacie online"},"content":{"rendered":"<p>Pomimo odnowienia <strong>XII Mi\u0119dzynarodowe Forum &#8222;Polsko-Ukrai\u0144skie dni biznesowe&#8221;<\/strong> tradycyjnie pozosta\u0142o g\u0142o\u015bnikiem pomys\u0142\u00f3w dotycz\u0105cych optymalizacji Polsko-Ukrai\u0144skiej wsp\u00f3\u0142pracy, platform\u0105 do dyskusji, inicjowania i tworzenia interesuj\u0105cych projekt\u00f3w infrastrukturalnych, inwestycyjnych, biznesowych, znajomo\u015bci polskich i ukrai\u0144skich przedsi\u0119biorc\u00f3w oraz nawi\u0105zywania dialogu z przedstawicielami w\u0142adz obu kraj\u00f3w.<\/p>\n<p>Ponad 30 prelegent\u00f3w, w\u015br\u00f3d kt\u00f3rych wysokiej rangi urz\u0119dnicy, deputowani, dyplomaci, osoby publiczne, przedstawiciele wielkiego biznesu, eksperci i specjali\u015bci z r\u00f3\u017cnych dziedzin, analitycy, ekonomi\u015bci, prawnicy z Ukrainy i Polski itp., podczas czterech sesji i o\u015bmiu godzin omawiali najwa\u017cniejsze aspekty polsko-ukrai\u0144skich stosunk\u00f3w gospodarczych, pa\u0144stwowych i biznesowych, a s\u0142uchaczami tego wydarzenia by\u0142o ponad 120 uczestnik\u00f3w.<\/p>\n<p><a href=\"https:\/\/euconlaw.com\/wp-content\/uploads\/2021\/02\/1.1-min.png\"><img loading=\"lazy\" class=\"aligncenter size-large wp-image-11072\" src=\"https:\/\/euconlaw.com\/wp-content\/uploads\/2021\/02\/1.1-min-1024x526.png\" alt=\"1.1-min\" width=\"1024\" height=\"526\" \/><\/a><\/p>\n<p>Wydarzenie rozpocz\u0119\u0142o si\u0119 przez otwarcie <strong>dyskusji panelowej<\/strong> na temat <em>&#8222;Polsko-ukrai\u0144ska wsp\u00f3\u0142praca gospodarcza: stan obecny i perspektywy rozwoju. Dynamika ostatnich lat<\/em>&#8222;, w ramach kt\u00f3rej Prezes Zarz\u0105du Fundacji \u201eZrzeszenie Ukrai\u0144skiego Biznesu w Polsce\u201d Pan <strong><em>Yaroslav Romanchuk<\/em><\/strong> i Przewodnicz\u0105cy Rady Fundacji \u201eZrzeszenie Ukrai\u0144skiego Biznesu w Polsce\u201d Pan <strong><em>Ireneusz Derek<\/em><\/strong>, zostaj\u0105c moderatorami, pogratulowali uczestnikom i prelegentom w imieniu organizator\u00f3w forum. Moderatorzy zauwa\u017cyli, \u017ce nowe warunki zmusi\u0142y do cz\u0119\u015bciowego rebrandingu Forum i przekszta\u0142cenia formatu, dostosowuj\u0105c go do wszystkich nie tylko epidemiologicznych, ale tak\u017ce technicznych wymaga\u0144. Reali COVID-19 motywowa\u0142y szereg zmian gospodarczych, politycznych i spo\u0142ecznych, kt\u00f3re wp\u0142yn\u0119\u0142y \u00a0na rozw\u00f3j Polski i Ukrainy, a tak\u017ce ich stosunk\u00f3w, kt\u00f3re sta\u0142y si\u0119 przedmiotem dyskusji. Pan <strong><em>Yaroslav Romanchuk<\/em><\/strong> przytoczy\u0142 r\u00f3wnie\u017c aktualne dane statystyczne dotycz\u0105ce wska\u017anik\u00f3w polsko-ukrai\u0144skich stosunk\u00f3w gospodarczych.<\/p>\n<p><a href=\"https:\/\/euconlaw.com\/wp-content\/uploads\/2021\/02\/1.2-min.png\"><img loading=\"lazy\" class=\"aligncenter size-large wp-image-11073\" src=\"https:\/\/euconlaw.com\/wp-content\/uploads\/2021\/02\/1.2-min-1024x576.png\" alt=\"1.2-min\" width=\"1024\" height=\"576\" \/><\/a><\/p>\n<p>P\u00f3\u017aniej Radca, Naczelnik Wydzia\u0142u Ekonomicznego Ambasady Ukrainy w Rzeczypospolitej Polskiej Pan <strong><em>Ihor Baranetskyi<\/em><\/strong> przekaza\u0142 powitalne s\u0142owo wicepremiera Ukrainy Pana <strong><em>Oleksii Reznikov<\/em><\/strong>, kt\u00f3ry zwr\u00f3ci\u0142 uwag\u0119 na perspektywy rozwoju stosunk\u00f3w polsko-ukrai\u0144skich, a tak\u017ce przysz\u0142e perspektywy reintegracji terytori\u00f3w Donbasu w kontek\u015bcie tych relacji, \u017cycz\u0105c owocnej pracy forum.<\/p>\n<p>Przewodnicz\u0105cy Rady ds. Przedsi\u0119biorczo\u015bci przy Prezydencie w Rzeczypospolitej\u00a0 Polskiej Pan <strong><em>Piotr Wachowiak<\/em><\/strong> podczas wyst\u0105pienia skupi\u0142 si\u0119 z kolei na pytaniach zmian w gospodarce wywo\u0142anych przez koronawirusa, analizach i prognozach dotycz\u0105cych dalszego rozwoju wydarze\u0144.<\/p>\n<p>Ambasador Nadzwyczajny i Pe\u0142nomocny Ukrainy w Rzeczypospolitej Polskiej Pan <strong><em>Andrij Deszczycia<\/em><\/strong>, uroczy\u015bcie prezentuj\u0105c now\u0105 sal\u0119 w<\/p>\n<p>Ambasadzie Ukrainy w Polsce, wyznaczy\u0142 uczestnikom wydarzenia plany Ambasady dotycz\u0105ce rozwoju stosunk\u00f3w gospodarczych, wykorzystania nowych technologii w kontek\u015bcie nowych czas\u00f3w, koncentruj\u0105c si\u0119 na problemach granicy.<\/p>\n<p>Zast\u0119pca Dyrektora Departamentu Handlu i Wsp\u00f3\u0142pracy Mi\u0119dzynarodowej, Ministerstwo Rozwoju Rzeczypospolitej Polskiej Pan <strong>Aleksander Siemaszko<\/strong> m\u00f3wi\u0142 o aktywnej komunikacji z ukrai\u0144skimi partnerami, sposobach poprawy wsp\u00f3\u0142pracy gospodarczej, cechach wsp\u00f3\u0142pracy handlowej Ukrainy i Polski.<\/p>\n<p>Aktywne wej\u015bcie Ukrainy na rynek mi\u0119dzynarodowy, klimat inwestycyjny mi\u0119dzy Polsk\u0105 a Ukrain\u0105, zmiany ustawowe w kontek\u015bcie stosunk\u00f3w inwestycyjnych, kt\u00f3re nas czekaj\u0105 &#8211; o tych i innych kwestiach m\u00f3wi\u0142a Kierownik Biura Krajowej Rady Inwestycyjnej\u00a0 Ukrainy Pani <strong><em>Olha Magaletska.<\/em><\/strong><a href=\"https:\/\/euconlaw.com\/wp-content\/uploads\/2021\/02\/1.4-magalets-ka.png\"><img loading=\"lazy\" class=\"aligncenter size-large wp-image-11071\" src=\"https:\/\/euconlaw.com\/wp-content\/uploads\/2021\/02\/1.4-magalets-ka-1024x576.png\" alt=\"1.4 \u041c\u0430\u0433\u0430\u043b\u0435\u0446\u044c\u043a\u0430\" width=\"1024\" height=\"576\" \/><\/a><\/p>\n<p>Prezes Zarz\u0105du Mi\u0119dzynarodowego Stowarzyszenia Przedsi\u0119biorc\u00f3w Polskich na Ukrainie Pan <strong><em>Piotr Ciarkowski<\/em><\/strong>, bior\u0105c s\u0142owo, skupi\u0142 si\u0119 na korzy\u015bciach p\u0142yn\u0105cych z inwestowania na Ukrainie jako w kraju o wschodz\u0105cej gospodarce i kt\u00f3ry ma zasoby pracy i intelektualne.<\/p>\n<p><a href=\"https:\/\/euconlaw.com\/wp-content\/uploads\/2021\/02\/1.6-tsiarkovski.png\"><img loading=\"lazy\" class=\"aligncenter size-large wp-image-11074\" src=\"https:\/\/euconlaw.com\/wp-content\/uploads\/2021\/02\/1.6-tsiarkovski-1024x576.png\" alt=\"1.6 \u0426\u0456\u0430\u0440\u043a\u043e\u0432\u0441\u043a\u0456\" width=\"1024\" height=\"576\" \/><\/a><\/p>\n<p>Prezes Zarz\u0105du Ukrai\u0144skiej Rady Biznesu Pan <strong><em>Oleksandr Hromyko<\/em><\/strong> m\u00f3wi\u0142 o ukrai\u0144skiej produkcji maszyn, konkurencji, produkcji ukrai\u0144skiego produktu eksportowego do sprzeda\u017cy na rynek europejski i konkurencyjno\u015bci produkt\u00f3w krajowych.<\/p>\n<p><a href=\"https:\/\/euconlaw.com\/wp-content\/uploads\/2021\/02\/1.7-gromy-ko.png\"><img loading=\"lazy\" class=\"aligncenter size-large wp-image-11075\" src=\"https:\/\/euconlaw.com\/wp-content\/uploads\/2021\/02\/1.7-gromy-ko-1024x576.png\" alt=\"1.7 \u0413\u0440\u043e\u043c\u0438\u043a\u043e\" width=\"1024\" height=\"576\" \/><\/a><\/p>\n<p>\u041d\u0435\u043e\u0431\u0445\u0456\u0434\u043d\u0456\u0441\u0442\u044c \u0437\u043c\u0456\u043d\u0438 \u0435\u043a\u043e\u043d\u043e\u043c\u0456\u0447\u043d\u043e\u0457 \u043c\u043e\u0434\u0435\u043b\u0456 \u0432 \u0443\u043c\u043e\u0432\u0430\u0445 \u043f\u0430\u043d\u0434\u0435\u043c\u0456\u0457, \u043f\u0435\u0440\u0441\u043f\u0435\u043a\u0442\u0438\u0432\u043d\u0456 \u0435\u043a\u043e\u043d\u043e\u043c\u0456\u0447\u043d\u0456 \u0441\u0435\u043a\u0442\u043e\u0440\u0438 \u0423\u043a\u0440\u0430\u0457\u043d\u0438, \u0430 \u0441\u0430\u043c\u0435 IT \u0442\u0430 \u0435\u043d\u0435\u0440\u0433\u0435\u0442\u0438\u0447\u043d\u0430 \u0441\u0444\u0435\u0440\u0430 \u2013 \u043e\u0441\u044c \u0442\u0456 \u0430\u0441\u043f\u0435\u043a\u0442\u0438 \u043f\u043e\u043b\u044c\u0441\u044c\u043a\u043e-\u0443\u043a\u0440\u0430\u0457\u043d\u0441\u044c\u043a\u0438\u0445 \u0435\u043a\u043e\u043d\u043e\u043c\u0456\u0447\u043d\u0438\u0445 \u0432\u0456\u0434\u043d\u043e\u0441\u0438\u043d, \u043d\u0430 \u044f\u043a\u0456 \u0441\u043b\u0456\u0434 \u0437\u0432\u0435\u0440\u043d\u0443\u0442\u0438 \u0443\u0432\u0430\u0433\u0443 \u043d\u0430 \u0434\u0443\u043c\u043a\u0443 \u0434\u0438\u0440\u0435\u043a\u0442\u043e\u0440\u0430 \u0426\u0435\u043d\u0442\u0440\u0443 \u041f\u0456\u0434\u043f\u0440\u0438\u0454\u043c\u043d\u0438\u0446\u0442\u0432\u0430 \u0456 \u0422\u0440\u0430\u043d\u0441\u0444\u0435\u0440\u0443 \u0422\u0435\u0445\u043d\u043e\u043b\u043e\u0433\u0456\u0439,\u00a0 SGH \u0443 \u0412\u0430\u0440\u0448\u0430\u0432\u0456<strong><em> \u0411\u0430\u0440\u0442\u043e\u0448\u0430 \u041c\u0430\u0454\u0432\u0441\u043a\u0456.<\/em><\/strong><\/p>\n<p>\u0406\u0406 \u0441\u0435\u043a\u0440\u0435\u0442\u0430\u0440 \u041f\u043e\u0441\u043e\u043b\u044c\u0441\u0442\u0432\u0430 \u0420\u0435\u0441\u043f\u0443\u0431\u043b\u0456\u043a\u0438 \u041f\u043e\u043b\u044c\u0449\u0430 \u0432 \u0423\u043a\u0440\u0430\u0457\u043d\u0456 <strong><em>\u042f\u043d \u041a\u0430\u043b\u0456\u043d\u043e\u0432\u0441\u043a\u0456 <\/em><\/strong>\u043d\u0435 \u043e\u043c\u0438\u043d\u0443\u0432 \u0443\u0432\u0430\u0433\u043e\u044e \u043e\u0441\u043e\u0431\u043b\u0438\u0432\u043e\u0441\u0442\u0456 \u043f\u043e\u043b\u044c\u0441\u044c\u043a\u043e-\u0443\u043a\u0440\u0430\u0457\u043d\u0441\u044c\u043a\u043e\u0457 \u0435\u043a\u043e\u043d\u043e\u043c\u0456\u0447\u043d\u043e\u0457 \u0441\u043f\u0456\u0432\u043f\u0440\u0430\u0446\u0456, \u0440\u0435\u0437\u0443\u043b\u044c\u0442\u0430\u0442\u0438 \u0446\u044c\u043e\u0433\u043e \u0441\u043f\u0456\u0432\u0440\u043e\u0431\u0456\u0442\u043d\u0438\u0446\u0442\u0432\u0430 \u0442\u0430 \u043f\u0440\u043e\u0431\u043b\u0435\u043c\u043d\u0456 \u0430\u0441\u043f\u0435\u043a\u0442\u0438, \u0437\u043e\u043a\u0440\u0435\u043c\u0430 \u043f\u0440\u043e\u0431\u043b\u0435\u043c\u0438 \u043c\u0438\u0442\u043d\u0438\u0446\u0456.<\/p>\n<p><a href=\"https:\/\/euconlaw.com\/wp-content\/uploads\/2021\/02\/1.8-yan-kalinovski.png\"><img loading=\"lazy\" class=\"aligncenter size-large wp-image-11076\" src=\"https:\/\/euconlaw.com\/wp-content\/uploads\/2021\/02\/1.8-yan-kalinovski-1024x526.png\" alt=\"1.8 \u042f\u043d \u041a\u0430\u043b\u0456\u043d\u043e\u0432\u0441\u043a\u0456\" width=\"1024\" height=\"526\" \/><\/a><\/p>\n<p><em>Polsko-ukrai\u0144skie instrumenty finansowe i rozwi\u0105zania dla biznesu, poszukiwanie synergii, praktyczne aspekty prowadzenia biznesu<\/em> sta\u0142y si\u0119 podstawowymi tezami do dyskusji uczestnik\u00f3w <strong><em>drugiej sesji<\/em><\/strong> forum, kt\u00f3rej moderatorem zosta\u0142 Pan <strong><em>Ireneusz Derek<\/em><\/strong> \u2013 Przewodnicz\u0105cy Rady Zrzeszenia Ukrai\u0144skiego Biznesu w Polsce.<\/p>\n<p><a href=\"https:\/\/euconlaw.com\/wp-content\/uploads\/2021\/02\/1.5-derek.png\"><img loading=\"lazy\" class=\"aligncenter size-large wp-image-11077\" src=\"https:\/\/euconlaw.com\/wp-content\/uploads\/2021\/02\/1.5-derek-1024x576.png\" alt=\"1.5 \u0414\u0435\u0440\u0435\u043a\" width=\"1024\" height=\"576\" \/><\/a><\/p>\n<p>Dyrektor Centrum Inwestycji, PAIH Polska Agencja Inwestycji i Handlu Zagranicznego Pan <strong><em>Jan Kamoji-Czapi\u0144ski<\/em><\/strong> przedstawi\u0142 list\u0119 podstawowych instrument\u00f3w wsparcia dla inwestor\u00f3w, a mianowicie wskaza\u0142 Polska stref\u0119 inwestycji i granty pa\u0144stwowe.<\/p>\n<p><a href=\"https:\/\/euconlaw.com\/wp-content\/uploads\/2021\/02\/2.1-yan-kamoyi.png\"><img loading=\"lazy\" class=\"aligncenter size-large wp-image-11078\" src=\"https:\/\/euconlaw.com\/wp-content\/uploads\/2021\/02\/2.1-yan-kamoyi-1024x576.png\" alt=\"2.1 \u042f\u043d \u041a\u0430\u043c\u043e\u0457\" width=\"1024\" height=\"576\" \/><\/a><\/p>\n<p>Prezes Zarz\u0105du Pa\u0144stwowej Innowacyjnej Instytucji Kredytowo-finansowej Ukrainy Pan <strong><em>Volodymyr Stavniuk<\/em><\/strong>, reprezentuj\u0105c dzia\u0142alno\u015b\u0107 Pa\u0144stwowej Innowacyjnej Instytucji Kredytowo-finansowej Ukrainy, m\u00f3wi\u0142 o wspieraniu, udziale i finansowaniu przez instytucj\u0119 wsp\u00f3lnych polsko-ukrai\u0144skich projekt\u00f3w inwestycyjnych.<\/p>\n<p>Wzrost zainteresowania polskich inwestor\u00f3w i Banku Gospodarstwa Krajowego w Polsce we wsp\u00f3\u0142pracy z Bia\u0142orusi\u0105 i Ukrain\u0105, dost\u0119pne instrumenty bankowe \u2013 g\u0142\u00f3wne tezy wyst\u0105pienia Eksperta Zespo\u0142u Sprzeda\u017cy Finansowania Handlu, Departamentu Bankowo\u015bci Transakcyjnej Banku Gospodarstwa Krajowego w Polsce Pana <strong><em>Feliksa Kobierskiego.<\/em><\/strong><\/p>\n<p><a href=\"https:\/\/euconlaw.com\/wp-content\/uploads\/2021\/02\/2-zag.jpg\"><img loading=\"lazy\" class=\"aligncenter size-large wp-image-11079\" src=\"https:\/\/euconlaw.com\/wp-content\/uploads\/2021\/02\/2-zag-1024x768.jpg\" alt=\"2 \u0437\u0430\u0433\" width=\"1024\" height=\"768\" \/><\/a><\/p>\n<p>Radca, Naczelnik Wydzia\u0142u Ekonomicznego Ambasady Ukrainy w Rzeczypospolitej Polskiej Pan <strong><em>Ihor Baranetskyi<\/em><\/strong>, kontynuuj\u0105c sesj\u0119, s\u0142usznie zauwa\u017cy\u0142, \u017ce g\u0142\u00f3wnym sposobem utrzymania konkurencyjno\u015bci jest tworzenie wsp\u00f3lnych przedsi\u0119wzi\u0119\u0107.<\/p>\n<p><a href=\"https:\/\/euconlaw.com\/wp-content\/uploads\/2021\/02\/2.2.png\"><img loading=\"lazy\" class=\"aligncenter size-large wp-image-11080\" src=\"https:\/\/euconlaw.com\/wp-content\/uploads\/2021\/02\/2.2-1024x576.png\" alt=\"2.2\" width=\"1024\" height=\"576\" \/><\/a><\/p>\n<p>Zast\u0119pca Prezesa Funduszu Mienia Pa\u0144stwowego Ukrainy Pan <strong><em>Taras Yeleiko<\/em><\/strong> w ramach sesji przedstawi\u0142 program ma\u0142ej i du\u017cej prywatyzacji za pomoc\u0105 og\u00f3lnej cyfryzacji.<\/p>\n<p><a href=\"https:\/\/euconlaw.com\/wp-content\/uploads\/2021\/02\/2.4-yelejko.png\"><img loading=\"lazy\" class=\"aligncenter size-large wp-image-11081\" src=\"https:\/\/euconlaw.com\/wp-content\/uploads\/2021\/02\/2.4-yelejko-1024x576.png\" alt=\"2.4 \u0404\u043b\u0435\u0439\u043a\u043e\" width=\"1024\" height=\"576\" \/><\/a><\/p>\n<p>Partner, kierownik biura w Warszawie EUCON Grupy Prawniczej Pan <strong><em>Andrii Romanchuk<\/em><\/strong> podzieli\u0142 si\u0119 do\u015bwiadczeniem w prowadzeniu polskich projekt\u00f3w inwestycyjnych i infrastrukturalnych, funkcjonowaniu ukrai\u0144skich firm na rynku polskim.<\/p>\n<p><a href=\"https:\/\/euconlaw.com\/wp-content\/uploads\/2021\/02\/2.5.png\"><img loading=\"lazy\" class=\"aligncenter size-large wp-image-11082\" src=\"https:\/\/euconlaw.com\/wp-content\/uploads\/2021\/02\/2.5-1024x576.png\" alt=\"2.5\" width=\"1024\" height=\"576\" \/><\/a><\/p>\n<p>Zako\u0144czy\u0142 sesj\u0119 swoim wyst\u0105pieniem Prezes Zarz\u0105du SERVIRED Pan <strong><em>Vasyl Rakivnenko<\/em><\/strong>, kt\u00f3ry podkre\u015bli\u0142 potrzeb\u0119 zaanga\u017cowania polskiego do\u015bwiadczenia w pos\u0142ugiwaniu si\u0119 progresywnymi instrumentami finansowymi.<\/p>\n<p>Niemniej produktywn\u0105 by\u0142a bran\u017cowa <strong><em>trzecia sesja<\/em><\/strong> forum &#8222;Projekty budowlane i infrastrukturalne, poszukiwanie synergii i \u0142a\u0144cucha warto\u015bci dodanej polskich i ukrai\u0144skich partner\u00f3w biznesowych&#8221;, moderowana przez Pana <strong><em>Yaroslav Romanchuk<\/em><\/strong>.<\/p>\n<p><a href=\"https:\/\/euconlaw.com\/wp-content\/uploads\/2021\/02\/3-zag-scaled.jpg\"><img loading=\"lazy\" class=\"aligncenter size-large wp-image-11083\" src=\"https:\/\/euconlaw.com\/wp-content\/uploads\/2021\/02\/3-zag-scaled.jpg\" alt=\"3 \u0437\u0430\u0433\" width=\"1024\" height=\"576\" \/><\/a><\/p>\n<p>Prezes Zarz\u0105du Polskiego Zwi\u0105zku Pracodawc\u00f3w Budownictwa Pan <strong><em>Jan Styli\u0144ski<\/em><\/strong> wyrazi\u0142 zainteresowanie polskich inwestor\u00f3w ukrai\u0144skim rynkiem budowlanym, ale zwr\u00f3ci\u0142 uwag\u0119 na problem braku \u015bwiadomo\u015bci na temat cech rynku ukrai\u0144skiego.<\/p>\n<p><a href=\"https:\/\/euconlaw.com\/wp-content\/uploads\/2021\/02\/3.1-zag.jpg\"><img loading=\"lazy\" class=\"aligncenter size-large wp-image-11084\" src=\"https:\/\/euconlaw.com\/wp-content\/uploads\/2021\/02\/3.1-zag-1024x768.jpg\" alt=\"3.1 \u0437\u0430\u0433\" width=\"1024\" height=\"768\" \/><\/a><\/p>\n<p>Przewodnicz\u0105cy Rady dyrektor\u00f3w Konfederacji Budowniczych Ukrainy Pan <strong><em>Oleksandr Rotov <\/em><\/strong>m\u00f3wi\u0142 z kolei o potrzebie lobbowania ustawodawstwa w Polsce i na Ukrainie, maj\u0105cych na celu u\u0142atwienie prowadzenia dzia\u0142alno\u015bci firm budowlanych, promowanie rozwoju wsp\u00f3lnych projekt\u00f3w, w szczeg\u00f3lno\u015bci infrastrukturalnych, konieczno\u015bci tworzenia wsp\u00f3lnych polsko-ukrai\u0144skich organizacji budowlanych.<\/p>\n<p><a href=\"https:\/\/euconlaw.com\/wp-content\/uploads\/2021\/02\/3-rotov.png\"><img loading=\"lazy\" class=\"aligncenter size-large wp-image-11085\" src=\"https:\/\/euconlaw.com\/wp-content\/uploads\/2021\/02\/3-rotov-1024x677.png\" alt=\"3 \u0420\u043e\u0442\u043e\u0432\" width=\"1024\" height=\"677\" \/><\/a><\/p>\n<p>Przewodnicz\u0105cy Komitetu Rady Najwy\u017cszej Ukrainy ds. organizacji w\u0142adzy pa\u0144stwowej, samorz\u0105du terytorialnego, Rozwoju Regionalnego i Urbanistyki Pan <strong><em>Andrii Klochko<\/em><\/strong> powiedzia\u0142, \u017ce w\u0142adze Ukrainy planuj\u0105 nowe i przyczyniaj\u0105 si\u0119 do istniej\u0105cych wsp\u00f3lnych projekt\u00f3w infrastrukturalnych i budowlanych.<\/p>\n<p><a href=\"https:\/\/euconlaw.com\/wp-content\/uploads\/2021\/02\/3.1-klochko.png\"><img loading=\"lazy\" class=\"aligncenter size-large wp-image-11086\" src=\"https:\/\/euconlaw.com\/wp-content\/uploads\/2021\/02\/3.1-klochko-1024x576.png\" alt=\"3.1 \u041a\u043b\u043e\u0447\u043a\u043e\" width=\"1024\" height=\"576\" \/><\/a><\/p>\n<p>Praktyczny by\u0142 raport dyrektora &#8222;Imperatyv PL Sp. z o. o. Pana <strong><em>Borys Nikolenko<\/em><\/strong>, kt\u00f3ry dziel\u0105c si\u0119 do\u015bwiadczeniem, m\u00f3wi\u0142 o motywach wej\u015bcia firmy na rynek polski, cechach produkcji, por\u00f3wnywaniu dzia\u0142alno\u015bci firmy na rynku ukrai\u0144skim i polskim.<\/p>\n<p><a href=\"https:\/\/euconlaw.com\/wp-content\/uploads\/2021\/02\/3.2-nikolenko.png\"><img loading=\"lazy\" class=\"aligncenter size-large wp-image-11088\" src=\"https:\/\/euconlaw.com\/wp-content\/uploads\/2021\/02\/3.2-nikolenko-1024x576.png\" alt=\"3.2 \u041d\u0456\u043a\u043e\u043b\u0435\u043d\u043a\u043e\" width=\"1024\" height=\"576\" \/><\/a><\/p>\n<p>Starszy Prawnik Grupy Prawniczej EUCON Pani <strong><em>Inha Livandovska<\/em><\/strong> na zako\u0144czenie sesji skupi\u0142a si\u0119 na aspekcie procesu rejestracji sp\u00f3\u0142ki w Polsce, uregulowaniu kwestii migracyjnych i udziale w zam\u00f3wieniach publicznych.<\/p>\n<p><a href=\"https:\/\/euconlaw.com\/wp-content\/uploads\/2021\/02\/3.3-min.png\"><img loading=\"lazy\" class=\"aligncenter size-large wp-image-11087\" src=\"https:\/\/euconlaw.com\/wp-content\/uploads\/2021\/02\/3.3-min-1024x576.png\" alt=\"3.3-min\" width=\"1024\" height=\"576\" \/><\/a><\/p>\n<p>W szczeg\u00f3lno\u015bci podczas sesji pojawi\u0142 si\u0119 pomys\u0142 podpisania memorandum mi\u0119dzy \u00a0Polskim Zwi\u0105zkiem Pracodawc\u00f3w Budownictwa i Konfederacj\u0105 Budowniczych Ukrainy, kt\u00f3re ma znacz\u0105ce perspektywy.<\/p>\n<p>Ostatnim akordem XII Mi\u0119dzynarodowego Forum by\u0142a <strong><em>czwarta sesja<\/em><\/strong> <em>&#8222;Dialog energetyczny Ukrainy i Polski. Mo\u017cliwo\u015bci inwestycyjne i perspektywy strategiczne&#8221;,<\/em> podczas kt\u00f3rej om\u00f3wiono pytania perspektywy polsko-ukrai\u0144skich stosunk\u00f3w energetycznych i potencjalnych mo\u017cliwo\u015bci energetycznych Ukrainy. Sesj\u0119 moderowa\u0142 Pan <strong><em>Maksym Biliavskyi<\/em><\/strong> &#8211; Ekspert Centrum Razumkova.<\/p>\n<p><a href=\"https:\/\/euconlaw.com\/wp-content\/uploads\/2021\/02\/4-bilyavs-ky-j.png\"><img loading=\"lazy\" class=\"aligncenter size-large wp-image-11089\" src=\"https:\/\/euconlaw.com\/wp-content\/uploads\/2021\/02\/4-bilyavs-ky-j-1024x671.png\" alt=\"4 \u0411\u0456\u043b\u044f\u0432\u0441\u044c\u043a\u0438\u0439\" width=\"1024\" height=\"671\" \/><\/a><\/p>\n<p>Dok\u0142adne i pouczaj\u0105ce by\u0142o wyst\u0105pienie starszego ekonomisty Ukraine Economic Outlook Pana<strong><em> Mykhailo Kukhar<\/em><\/strong>, kt\u00f3ry przedstawi\u0142 wp\u0142yw zjawisk kryzysowych na gospodark\u0119 Ukrainy, wyrazi\u0142 \u015bwie\u017ce dane dotycz\u0105ce wska\u017anik\u00f3w ekonomicznych i podkre\u015bli\u0142 wzgl\u0119dn\u0105 stabilno\u015b\u0107 poszczeg\u00f3lnych wska\u017anik\u00f3w w warunkach kryzysowych.<\/p>\n<p><a href=\"https:\/\/euconlaw.com\/wp-content\/uploads\/2021\/02\/4.1.png\"><img loading=\"lazy\" class=\"aligncenter size-large wp-image-11090\" src=\"https:\/\/euconlaw.com\/wp-content\/uploads\/2021\/02\/4.1-1024x576.png\" alt=\"4.1\" width=\"1024\" height=\"576\" \/><\/a><\/p>\n<p>Jedn\u0105 z najbardziej uderzaj\u0105cych by\u0142a prezentacja Dyrektora Regionalnego Przedsi\u0119biorstwa Gazowniczego Pana <strong><em>Oleh Nikonorov<\/em><\/strong>, kt\u00f3ry przedstawi\u0142 ogromny projekt budowy sieci dostaw wodoru, nie omijaj\u0105c kwestii partnerstwa w ramach projektu i infrastruktury dystrybucji gazu.<\/p>\n<p><a href=\"https:\/\/euconlaw.com\/wp-content\/uploads\/2021\/02\/4.2-nikonorov.png\"><img loading=\"lazy\" class=\"aligncenter size-large wp-image-11091\" src=\"https:\/\/euconlaw.com\/wp-content\/uploads\/2021\/02\/4.2-nikonorov-1024x576.png\" alt=\"4.2 \u041d\u0456\u043a\u043e\u043d\u043e\u0440\u043e\u0432\" width=\"1024\" height=\"576\" \/><\/a><\/p>\n<p>Redaktor Naczelny publikacji BiznesAlert.pl Pan <strong><em>Wojciech Jak\u00f3bik<\/em><\/strong> przedstawi\u0142 swoje uwagi dotycz\u0105ce dotychczasowej analizy energetycznej w Polsce, a dyrektor Instytutu Polityki \u015awiatowej Pan <strong><em>Yevhen Mahda<\/em><\/strong> skupi\u0142 si\u0119 na pytaniu rozwi\u0105zywania wyzwa\u0144 geopolitycznych i wsp\u00f3lnej obrony Polski i Ukrainy.<\/p>\n<div class=\"fotorama\" data-allowfullscreen=\"true\" data-nav=\"thumbs\">\n<img src=\"https:\/\/euconlaw.com\/wp-content\/uploads\/2021\/02\/4.3-1024x576.png\" width=\"640\" height=\"360\" alt=\"\" \/>\n<img src=\"https:\/\/euconlaw.com\/wp-content\/uploads\/2021\/02\/4-magda-1024x671.png\" width=\"640\" height=\"419\" alt=\"\" \/>\n<\/div>\n\n<p>Kwestie poprawy atrakcyjno\u015bci inwestycyjnej Ukrainy w dziedzinie energii i zasob\u00f3w naturalnych oraz korzy\u015bci inwestycyjne Polski stanowi\u0142y podstaw\u0119 wyst\u0105pienia Dyrektora wykonawczego Zrzeszenie Narodowe Przemys\u0142u wydobywczego Ukrainy Pani <strong><em>Kseniia Orynchak<\/em><\/strong>, kt\u00f3rej opini\u0119 kontynuowa\u0142 dyrektor generalny sp\u00f3\u0142ki &#8222;Velta&#8221; Pan <strong><em>Andrii Brodskyi<\/em><\/strong>, m\u00f3wi\u0105c o z\u0142o\u017cono\u015bci g\u00f3rnictwa na Ukrainie i konieczno\u015b\u0107 reformy legislacyjnej w tym obszarze.<\/p>\n<div class=\"fotorama\" data-allowfullscreen=\"true\" data-nav=\"thumbs\">\n<img src=\"https:\/\/euconlaw.com\/wp-content\/uploads\/2021\/02\/4-ory-nchak-1024x682.png\" width=\"640\" height=\"426\" alt=\"\" \/>\n<img src=\"https:\/\/euconlaw.com\/wp-content\/uploads\/2021\/02\/4-brods-ky-j-1024x674.png\" width=\"640\" height=\"421\" alt=\"\" \/>\n<\/div>\n\n<p>Zast\u0119pca Dyrektora Wykonawczego &#8222;Clear Energy&#8221; Pan <strong><em>Taras Tokarskyi<\/em><\/strong>, wracaj\u0105c do dyskusji na temat ukrai\u0144skich projekt\u00f3w w sektorze energetycznym, zauwa\u017cy\u0142 gotowo\u015b\u0107 do wsp\u00f3\u0142pracy ukrai\u0144skich firm energetycznych, w szczeg\u00f3lno\u015bci z polskimi, podczas gdy prawnik ds. wsparcia inwestycji w sektorze energetycznym Pani <strong><em>Yelyzaveta Belei<\/em><\/strong> podkre\u015bli\u0142a szereg pozytywnych zmian legislacyjnych w dziedzinie energii.<\/p>\n<div class=\"fotorama\" data-allowfullscreen=\"true\" data-nav=\"thumbs\">\n<img src=\"https:\/\/euconlaw.com\/wp-content\/uploads\/2021\/02\/4-tokars-ky-j-1024x667.png\" width=\"640\" height=\"417\" alt=\"\" \/>\n<img src=\"https:\/\/euconlaw.com\/wp-content\/uploads\/2021\/02\/4.6-1024x576.png\" width=\"640\" height=\"360\" alt=\"\" \/>\n<\/div>\n\n<p>Na zako\u0144czenie forum Zast\u0119pca dyrektora Departamentu Analitycznego Federacji pracodawc\u00f3w Ukrainy Pani \u00a0<strong><em>Olha Kulyk<\/em><\/strong> i Dyrektor wykonawczy Ukrai\u0144skiej Fundacji\u00a0 Energetycznej Pan <strong><em>Oleksii Shulha<\/em><\/strong> m\u00f3wili opotrzebie zwi\u0119kszenia atrakcyjno\u015bci inwestycyjnej Ukrainy w dziedzinie energii i rynku produkt\u00f3w naftowych na Ukrainie, otwarto\u015bci ukrai\u0144skich firm w sektorze energetycznym.<\/p>\n<div class=\"fotorama\" data-allowfullscreen=\"true\" data-nav=\"thumbs\">\n<img src=\"https:\/\/euconlaw.com\/wp-content\/uploads\/2021\/02\/4-kuly-k-1024x657.png\" width=\"640\" height=\"411\" alt=\"\" \/>\n<img src=\"https:\/\/euconlaw.com\/wp-content\/uploads\/2021\/02\/4.7-1024x576.png\" width=\"640\" height=\"360\" alt=\"\" \/>\n<\/div>\n\n<p>Pod koniec wydarzenia prelegenci zauwa\u017cyli wygod\u0119 i skuteczno\u015b\u0107 nowego formatu forum, kt\u00f3ry po raz pierwszy odby\u0142 si\u0119 online. Ponadto obecne spotkanie wyr\u00f3\u017cnia\u0142o si\u0119 du\u017c\u0105 ilo\u015bci\u0105 nowych pomys\u0142\u00f3w na wsp\u00f3\u0142prac\u0119 i specjaln\u0105 wydajno\u015bci\u0105. Cho\u0107 egzamin na dostosowanie si\u0119 do nowych reali\u00f3w zosta\u0142 zaliczony doskonale, to jednak uczestnicy wyrazili nadziej\u0119, \u017ce w przysz\u0142o\u015bci sytuacja epidemiologiczna na \u015bwiecie pozwoli na powr\u00f3t do klasycznego formatu offline.<\/p>\n<p><a href=\"https:\/\/euconlaw.com\/wp-content\/uploads\/2021\/02\/final-scaled.jpg\"><img loading=\"lazy\" class=\"aligncenter size-large wp-image-11100\" src=\"https:\/\/euconlaw.com\/wp-content\/uploads\/2021\/02\/final-scaled.jpg\" alt=\"\u0424\u0456\u043d\u0430\u043b\" width=\"1024\" height=\"768\" \/><\/a><\/p>\n<p>Zrzeszenie Ukrai\u0144skiego Biznesu w Polsce i Grupa Prawnicza EUCON dzi\u0119kuj\u0105 wszystkim uczestnikom i prelegentom za udzia\u0142 w XII Mi\u0119dzynarodowym Forum &#8222;Polsko-Ukrai\u0144skie dni biznesowe&#8221;! Czekamy na kolejne wydarzenia, stay tuned!<\/p>\n","protected":false},"excerpt":{"rendered":"<p>Pomimo odnowienia XII Mi\u0119dzynarodowe Forum &#8222;Polsko-Ukrai\u0144skie dni biznesowe&#8221; tradycyjnie pozosta\u0142o g\u0142o\u015bnikiem pomys\u0142\u00f3w dotycz\u0105cych optymalizacji Polsko-Ukrai\u0144skiej wsp\u00f3\u0142pracy, platform\u0105 do dyskusji, inicjowania i tworzenia interesuj\u0105cych projekt\u00f3w infrastrukturalnych, inwestycyjnych, biznesowych, znajomo\u015bci polskich i ukrai\u0144skich przedsi\u0119biorc\u00f3w oraz nawi\u0105zywania dialogu z przedstawicielami w\u0142adz obu kraj\u00f3w. Ponad 30 prelegent\u00f3w, w\u015br\u00f3d kt\u00f3rych wysokiej rangi urz\u0119dnicy, deputowani, dyplomaci, osoby publiczne, przedstawiciele wielkiego biznesu, [:]<\/p>\n","protected":false},"author":1,"featured_media":16678,"comment_status":"closed","ping_status":"closed","sticky":false,"template":"","format":"standard","meta":[],"categories":[87,97],"tags":[],"yoast_head":"<!-- This site is optimized with the Yoast SEO plugin v16.6 - https:\/\/yoast.com\/wordpress\/plugins\/seo\/ -->\n<title>Nowe warunki, nowe potrzeby, nowy format: 24 wrze\u015bnia odby\u0142o si\u0119 XII Mi\u0119dzynarodowe Forum &quot;Polsko-Ukrai\u0144skie dni biznesowe&quot; po raz pierwszy w formacie online - EUCON Grupa Prawnicza<\/title>\n<meta name=\"robots\" content=\"index, follow, max-snippet:-1, max-image-preview:large, max-video-preview:-1\" \/>\n<link rel=\"canonical\" href=\"\/\" \/>\n<meta property=\"og:locale\" content=\"pl_PL\" \/>\n<meta property=\"og:type\" content=\"article\" \/>\n<meta property=\"og:title\" content=\"Nowe warunki, nowe potrzeby, nowy format: 24 wrze\u015bnia odby\u0142o si\u0119 XII Mi\u0119dzynarodowe Forum &quot;Polsko-Ukrai\u0144skie dni biznesowe&quot; po raz pierwszy w formacie online - EUCON Grupa Prawnicza\" \/>\n<meta property=\"og:description\" content=\"Pomimo odnowienia XII Mi\u0119dzynarodowe Forum &#8222;Polsko-Ukrai\u0144skie dni biznesowe&#8221; tradycyjnie pozosta\u0142o g\u0142o\u015bnikiem pomys\u0142\u00f3w dotycz\u0105cych optymalizacji Polsko-Ukrai\u0144skiej wsp\u00f3\u0142pracy, platform\u0105 do dyskusji, inicjowania i tworzenia interesuj\u0105cych projekt\u00f3w infrastrukturalnych, inwestycyjnych, biznesowych, znajomo\u015bci polskich i ukrai\u0144skich przedsi\u0119biorc\u00f3w oraz nawi\u0105zywania dialogu z przedstawicielami w\u0142adz obu kraj\u00f3w. Ponad 30 prelegent\u00f3w, w\u015br\u00f3d kt\u00f3rych wysokiej rangi urz\u0119dnicy, deputowani, dyplomaci, osoby publiczne, przedstawiciele wielkiego biznesu, [:]\" \/>\n<meta property=\"og:site_name\" content=\"EUCON Grupa Prawnicza\" \/>\n<meta property=\"article:published_time\" content=\"2020-09-29T07:55:57+00:00\" \/>\n<meta property=\"og:image\" content=\"https:\/\/euconlaw.com\/wp-content\/uploads\/2021\/02\/znimok-ekrana-870.png\" \/>\n\t<meta property=\"og:image:width\" content=\"1366\" \/>\n\t<meta property=\"og:image:height\" content=\"768\" \/>\n<meta name=\"twitter:card\" content=\"summary_large_image\" \/>\n<meta name=\"twitter:label1\" content=\"Szacowany czas czytania\" \/>\n\t<meta name=\"twitter:data1\" content=\"8 minut\" \/>\n<script type=\"application\/ld+json\" class=\"yoast-schema-graph\">{\"@context\":\"https:\/\/schema.org\",\"@graph\":[{\"@type\":\"WebSite\",\"@id\":\"https:\/\/euconlaw.com\/#website\",\"url\":\"https:\/\/euconlaw.com\/\",\"name\":\"EUCON Grupa Prawnicza\",\"description\":\"\",\"potentialAction\":[{\"@type\":\"SearchAction\",\"target\":{\"@type\":\"EntryPoint\",\"urlTemplate\":\"https:\/\/euconlaw.com\/?s={search_term_string}\"},\"query-input\":\"required name=search_term_string\"}],\"inLanguage\":\"pl-PL\"},{\"@type\":\"ImageObject\",\"@id\":\"#primaryimage\",\"inLanguage\":\"pl-PL\",\"url\":\"https:\/\/euconlaw.com\/wp-content\/uploads\/2021\/02\/znimok-ekrana-870.png\",\"contentUrl\":\"https:\/\/euconlaw.com\/wp-content\/uploads\/2021\/02\/znimok-ekrana-870.png\",\"width\":1366,\"height\":768},{\"@type\":\"WebPage\",\"@id\":\"#webpage\",\"url\":null,\"name\":\"Nowe warunki, nowe potrzeby, nowy format: 24 wrze\\u015bnia odby\\u0142o si\\u0119 XII Mi\\u0119dzynarodowe Forum \\\"Polsko-Ukrai\\u0144skie dni biznesowe\\\" po raz pierwszy w formacie online - EUCON Grupa Prawnicza\",\"isPartOf\":{\"@id\":\"https:\/\/euconlaw.com\/#website\"},\"primaryImageOfPage\":{\"@id\":\"#primaryimage\"},\"datePublished\":\"2020-09-29T07:55:57+00:00\",\"dateModified\":\"2020-09-29T07:55:57+00:00\",\"author\":{\"@id\":\"https:\/\/euconlaw.com\/#\/schema\/person\/885bb53bf78f77a53b9f988b08ac37e9\"},\"breadcrumb\":{\"@id\":\"#breadcrumb\"},\"inLanguage\":\"pl-PL\",\"potentialAction\":[{\"@type\":\"ReadAction\",\"target\":[null]}]},{\"@type\":\"BreadcrumbList\",\"@id\":\"#breadcrumb\",\"itemListElement\":[{\"@type\":\"ListItem\",\"position\":1,\"name\":\"Home\",\"item\":\"https:\/\/euconlaw.com\/pl\/\"},{\"@type\":\"ListItem\",\"position\":2,\"name\":\"Nowe warunki, nowe potrzeby, nowy format: 24 wrze\\u015bnia odby\\u0142o si\\u0119 XII Mi\\u0119dzynarodowe Forum &#8222;Polsko-Ukrai\\u0144skie dni biznesowe&#8221; po raz pierwszy w formacie online\"}]},{\"@type\":\"Person\",\"@id\":\"https:\/\/euconlaw.com\/#\/schema\/person\/885bb53bf78f77a53b9f988b08ac37e9\",\"name\":\"osadchyppua\",\"image\":{\"@type\":\"ImageObject\",\"@id\":\"https:\/\/euconlaw.com\/#personlogo\",\"inLanguage\":\"pl-PL\",\"url\":\"https:\/\/secure.gravatar.com\/avatar\/05757e1f9a085053643881aaa3c3ee31?s=96&d=mm&r=g\",\"contentUrl\":\"https:\/\/secure.gravatar.com\/avatar\/05757e1f9a085053643881aaa3c3ee31?s=96&d=mm&r=g\",\"caption\":\"osadchyppua\"},\"sameAs\":[\"https:\/\/euconlaw.com\"]}]}<\/script>\n<!-- \/ Yoast SEO plugin. -->","_links":{"self":[{"href":"https:\/\/euconlaw.com\/pl\/wp-json\/wp\/v2\/posts\/20042"}],"collection":[{"href":"https:\/\/euconlaw.com\/pl\/wp-json\/wp\/v2\/posts"}],"about":[{"href":"https:\/\/euconlaw.com\/pl\/wp-json\/wp\/v2\/types\/post"}],"author":[{"embeddable":true,"href":"https:\/\/euconlaw.com\/pl\/wp-json\/wp\/v2\/users\/1"}],"replies":[{"embeddable":true,"href":"https:\/\/euconlaw.com\/pl\/wp-json\/wp\/v2\/comments?post=20042"}],"version-history":[{"count":0,"href":"https:\/\/euconlaw.com\/pl\/wp-json\/wp\/v2\/posts\/20042\/revisions"}],"wp:featuredmedia":[{"embeddable":true,"href":"https:\/\/euconlaw.com\/pl\/wp-json\/wp\/v2\/media\/16678"}],"wp:attachment":[{"href":"https:\/\/euconlaw.com\/pl\/wp-json\/wp\/v2\/media?parent=20042"}],"wp:term":[{"taxonomy":"category","embeddable":true,"href":"https:\/\/euconlaw.com\/pl\/wp-json\/wp\/v2\/categories?post=20042"},{"taxonomy":"post_tag","embeddable":true,"href":"https:\/\/euconlaw.com\/pl\/wp-json\/wp\/v2\/tags?post=20042"}],"curies":[{"name":"wp","href":"https:\/\/api.w.org\/{rel}","templated":true}]}}