{"id":20054,"date":"2021-02-02T08:12:36","date_gmt":"2021-02-02T06:12:36","guid":{"rendered":"https:\/\/euconlaw.com\/xiii-miedzynarodowe-forum-polsko-ukrainskie-dni-biznesowe\/"},"modified":"2021-02-02T08:12:36","modified_gmt":"2021-02-02T06:12:36","slug":"xiii-miedzynarodowe-forum-polsko-ukrainskie-dni-biznesowe","status":"publish","type":"post","link":"https:\/\/euconlaw.com\/pl\/xiii-miedzynarodowe-forum-polsko-ukrainskie-dni-biznesowe\/","title":{"rendered":"XIII Mi\u0119dzynarodowe Forum \u00abPolsko-Ukrai\u0144skie dni biznesowe\u00bb"},"content":{"rendered":"<p>Organizatorzy zapraszaj\u0105 wszystkich ch\u0119tnych do wzi\u0119cia udzia\u0142u w <strong>XIII Mi\u0119dzynarodowym Forum &#8222;Polsko-Ukrai\u0144skie dni biznesowe&#8221;<\/strong>, kt\u00f3re odb\u0119dzie si\u0119 w dniach <strong>20-21 maja 2021 roku w Warszawie<\/strong>.<\/p>\n<p>Przypominamy, \u017ce <strong>Mi\u0119dzynarodowe Forum &#8222;Polsko-Ukrai\u0144skie dni biznesowe&#8221;<\/strong> to wydarzenie formatu mi\u0119dzynarodowego, platforma komunikacyjna dla przedstawicieli \u015brodowisk rz\u0105dowych i spo\u0142eczno\u015bci biznesowej obu kraj\u00f3w, kt\u00f3ra zosta\u0142a uruchomiona w celu ulepszenia wsp\u00f3\u0142pracy handlowej i gospodarczej oraz nawi\u0105zania kontakt\u00f3w biznesowych mi\u0119dzy spo\u0142eczno\u015bci\u0105 biznesow\u0105 Ukrainy i Polski.<\/p>\n<p>W tym roku podczas Forum zaplanowano om\u00f3wienie nast\u0119puj\u0105cych kwestii:<\/p>\n<ul>\n<li>dynamika rozwoju polsko-ukrai\u0144skiej wsp\u00f3\u0142pracy handlowo-gospodarczej;<\/li>\n<li>dost\u0119p do \u015brodk\u00f3w finansowych i instrument\u00f3w finansowych, w szczeg\u00f3lno\u015bci w ramach dofinansowania z UE w perspektywie bud\u017cetowej 2021-2027;<\/li>\n<li>wsp\u00f3lne projekty transportowe i infrastrukturalne;<\/li>\n<li>tendencje rozwoju wsp\u00f3\u0142pracy polsko-ukrai\u0144skiej w zakresie budownictwa i produkcji materia\u0142\u00f3w budowlanych;<\/li>\n<li>przemys\u0142 rolny i przetw\u00f3rczy: czy s\u0105 szanse na wsp\u00f3\u0142prac\u0119?<\/li>\n<li>rozw\u00f3j bran\u017cy IT na Ukrainie i w Polsce: nowe trendy i perspektywy wsp\u00f3\u0142pracy;<\/li>\n<li>prawne i podatkowe aspekty prowadzenia dzia\u0142alno\u015bci gospodarczej w Polsce i na Ukrainie, wyzwania i szanse dla inwestor\u00f3w.<\/li>\n<\/ul>\n<p>Forum tradycyjnie odb\u0119dzie si\u0119 pod patronatem: <strong>Ambasady Ukrainy w Rzeczypospolitej Polskiej<\/strong>.<\/p>\n<p><strong>Organizatorami Forum s\u0105<\/strong>:\u00a0Zrzeszenie Ukrai\u0144skiego Biznesu w Polsce i EUCON Grupa Prawnicza.<\/p>\n<p>Czekaj\u0105 na Pa\u0144stwa wyst\u0105pienia 30 prelegent\u00f3w z Ukrainy i Polski, nowe znajomo\u015bci, networking, spotkania B2B.<\/p>\n<p>Tradycyjnie udzia\u0142 w forum wezm\u0105 przedstawiciele rz\u0105du i w\u0142adz lokalnych, plac\u00f3wek dyplomatycznych oraz przedsi\u0119biorcy z Polski i Ukrainy.<\/p>\n<p>W tym roku udzia\u0142 w wydarzeniu b\u0119dzie mo\u017cna wzi\u0105\u0107 zar\u00f3wno online, jak i offline.<\/p>\n<p>Osoba do kontaktu w Polsce &#8211; \u00a0Yuliia Sharhorodska,events@euconlaw.com, tel. +48 226 581\u00a0025<\/p>\n<p>Osoba do kontaktu na Ukrainie &#8211; Olena Vakulik, events@euconlaw.com, \u00a0tel. +380(44)2380944<\/p>\n<p style=\"text-align: center;\"><strong><span style=\"color: #ff0000;\">UWAGA!<\/span> FORUM ROZPOCZNIE SI\u0118 O GODZINIE 09:00 CZASU WARSZAWSKIEGO<\/strong><\/p>\n<p style=\"text-align: center;\"><strong>ORAZ O GODZINIE 10:00 CZASU KIJOWSKIEGO<\/strong><\/p>\n<p style=\"text-align: center;\"><strong><a href=\"https:\/\/euconlaw.com\/wp-content\/uploads\/2021\/02\/ProgramPL.pdf\" target=\"_blank\" rel=\"noopener\">PROGRAM<\/a><\/strong><\/p>\n<p style=\"text-align: center;\"><strong><a href=\"http:\/\/euconlaw.com\/forum13pbd\/\" target=\"_blank\" rel=\"noopener\">REJESTRACJA<\/a><\/strong><\/p>\n<p style=\"text-align: center;\"><strong><a href=\"https:\/\/euconlaw.com\/wp-content\/uploads\/2021\/02\/Privilegii_2021_may_pol-web.pdf\" target=\"_blank\" rel=\"noopener\">OFERTA DLA PARTNER\u00d3W<\/a><\/strong><\/p>\n<p style=\"text-align: center;\"><strong>KOSZT UCZESTNICTWA ONLINE <\/strong><\/p>\n<table style=\"display: block; overflow: scroll;\">\n<thead>\n<tr>\n<td style=\"text-transform: uppercase; font-style: italic; font-weight: bold; text-align: center;\" colspan=\"10\">WARUNKI UCZESTNICTWA W WYDARZENIU OFFLINE<\/td>\n<\/tr>\n<tr>\n<td class=\"quality\" style=\"width: 20%; text-align: center; font-weight: bold;\" rowspan=\"2\">Liczba uczestnik\u00f3w z tej samej firmy<\/td>\n<td style=\"font-weight: bold; text-align: center;\" colspan=\"9\">Termin p\u0142atno\u015bci<\/td>\n<\/tr>\n<tr>\n<td style=\"color: red;\">01.12.20 &#8211; 01.01.21<\/td>\n<td style=\"color: red;\">02.01.21 &#8211; 31.01.21<\/td>\n<td style=\"color: red;\">01.02.21 &#8211; 28.02.21<\/td>\n<td style=\"color: red;\">01.03.21 &#8211; 21.03.21<\/td>\n<td style=\"color: red;\">22.03.21 &#8211; 11.04.21<\/td>\n<td style=\"color: red;\">12.04.21 &#8211; 25.04.21<\/td>\n<td style=\"color: red;\">26.04.21 &#8211; 09.05.21<\/td>\n<td style=\"color: red;\">10.05.21 &#8211; 19.05.21<\/td>\n<td style=\"color: red;\">20.05.21 &#8211; 21.05.21<\/td>\n<\/tr>\n<\/thead>\n<tbody>\n<tr>\n<td style=\"font-weight: bold; text-align: center;\">1 uczestnik<\/td>\n<td width=\"85\">70 PLN.<\/td>\n<td width=\"85\">80 PLN.<\/td>\n<td width=\"85\">95 PLN.<\/td>\n<td width=\"85\">120 PLN.<\/td>\n<td width=\"85\">150 PLN.<\/td>\n<td width=\"85\">195 PLN.<\/td>\n<td width=\"85\">250 PLN.<\/td>\n<td width=\"85\">280 PLN.<\/td>\n<td width=\"85\">400 PLN.<\/td>\n<\/tr>\n<tr>\n<td style=\"font-weight: bold; text-align: center;\">od 3 uczestnik\u00f3w (za 1 uczestnika)<\/td>\n<td width=\"85\">50 PLN.<\/td>\n<td width=\"85\">60 PLN.<\/td>\n<td width=\"85\">75 PLN.<\/td>\n<td width=\"85\">100 PLN.<\/td>\n<td width=\"85\">120 PLN.<\/td>\n<td width=\"85\">165 PLN.<\/td>\n<td width=\"85\">200 PLN.<\/td>\n<td width=\"85\">230 PLN.<\/td>\n<td width=\"85\">350 PLN.<\/td>\n<\/tr>\n<\/tbody>\n<\/table>\n<p><a href=\"https:\/\/euconlaw.com\/wp-content\/uploads\/2021\/02\/banner_eucon_conference_2021_may_fb-pl-scaled.jpg\"><img loading=\"lazy\" class=\"aligncenter size-large wp-image-11539\" src=\"https:\/\/euconlaw.com\/wp-content\/uploads\/2021\/02\/banner_eucon_conference_2021_may_fb-pl-scaled.jpg\" alt=\"Banner_EUCON_Conference_2021_may_FB-pl\" width=\"1024\" height=\"379\" \/><\/a><\/p>\n<h4 style=\"text-align: center;\"><strong>ORGANIZATORZY<\/strong><\/h4>\n<p style=\"text-align: center;\"><a href=\"http:\/\/euconlaw.com\/\"><img loading=\"lazy\" class=\"alignnone size-medium wp-image-9093\" src=\"https:\/\/euconlaw.com\/wp-content\/uploads\/2021\/02\/en.png\" alt=\"eucon_logo_221_70\" width=\"300\" height=\"96\" \/><\/a><a href=\"http:\/\/ukrbizpol.org\/\"><img class=\"alignnone size-medium wp-image-9119\" src=\"https:\/\/euconlaw.com\/wp-content\/uploads\/2021\/02\/aubp-pl-300x101.jpg\" alt=\"AUBP-pl\" height=\"96\" \/><\/a><\/p>\n<h4 style=\"text-align: center;\">POD PATRONATEM<\/h4>\n<p style=\"text-align: center;\"><a href=\"https:\/\/poland.mfa.gov.ua\/ua\"><img loading=\"lazy\" class=\"alignnone  wp-image-9123\" src=\"https:\/\/euconlaw.com\/wp-content\/uploads\/2021\/02\/aup-1-300x171.png\" alt=\"aup\" width=\"219\" height=\"125\" \/><\/a><\/p>\n<p><strong>Zesz\u0142oroczne przedsi\u0119wzi\u0119cia<\/strong>:<\/p>\n<ul>\n<li><a href=\"https:\/\/euconlaw.com\/pl\/novi-umovy-novi-potreby-novy-j-format-24-veresnya-vidbuvsya-xii-mizhnarodny-j-forum-pol-s-ko-ukrayins-ki-dni-biznesu-vpershe-u-formati-onlajn\/\" target=\"_blank\" rel=\"noopener\">XII Mi\u0119dzynarodowe Forum \u201cPolsko-Ukrai\u0144skie dni biznesowe\u201d,\u00a0 24 wrze\u015bnia 2020 roku, oline<\/a><\/li>\n<li><a href=\"https:\/\/euconlaw.com\/pl\/investy-tsiyamy-yedy-ny-my-shlyahy-pokrashhennya-pol-s-ko-ukrayins-ky-h-vidnosy-n-vkotre-staly-ob-yektom-obgovorennya-hi-mizhnarodnogo-forumu-dni-pol-s-kogo-biznesu-v-ukrayini\/\" target=\"_blank\" rel=\"noopener\">XI Mi\u0119dzynarodowe Forum \u201eDni polskiego biznesu na Ukrainie\u201d,\u00a014 listopada 2019 roku w Kijow<\/a><\/li>\n<li><a href=\"https:\/\/euconlaw.com\/u-varshavi-vidbuvsya-yuvilejny-j-h-mizhnarodny-j-forum-dni-ukrayins-kogo-biznesu-v-pol-shhi-pidib-yemo-pidsumky\/\" target=\"_blank\" rel=\"noopener\">X\u00a0Mi\u0119dzynarodowe Forum\u00a0\u00abDni Ukrai\u0144skiego Biznesu w Polsce\u00bb,\u00a016 maja 2018 roku,Warszawa<\/a><\/li>\n<li><a href=\"https:\/\/euconlaw.com\/pl\/1-ukrayins-ka-pislya-plidnoyi-roboti-ih-mizhnarodnogo-forumu-dni-pol-s-kogo-biznesu-v-ukrayini-chas-pidbiti-pidsumki\/\" target=\"_blank\" rel=\"noopener\">IX\u00a0Mi\u0119dzynarodowe Forum \u00abDni Polskiego Biznesu w Ukrainie\u00bb,\u00a015listopada 2018 roku,\u00a0Kij\u00f3w<\/a><\/li>\n<li><a href=\"https:\/\/euconlaw.com\/pl\/viii-mizhnarodnij-forum-dni-ukrayins-kogo-biznesu-v-pol-shhi\/\" target=\"_blank\" rel=\"noopener\">VIII Mi\u0119dzynarodowe Forum\u00a0\u00abDni Ukrai\u0144skiego Biznesu w Polsce\u00bb,\u00a010 maja 2018 roku,Warszawa<\/a><\/li>\n<li><a href=\"https:\/\/euconlaw.com\/pl\/1-ukrayins-ka-vii-mizhnarodnij-forum-dni-pol-s-kogo-biznesu-v-ukrayini-pidbivayemo-pidsumki\/\" target=\"_blank\" rel=\"noopener\">VII Mi\u0119dzynarodowe Forum \u00abDni Polskiego Biznesu w Ukrainie\u00bb,\u00a026 pa\u017adziernika 2017 roku,\u00a0Kij\u00f3w<\/a><\/li>\n<li><a href=\"https:\/\/euconlaw.com\/pl\/1-ukrayins-ka-u-varshavi-vidbuvsya-vi-mizhnarodnij-forum-den-ukrayins-kogo-biznesu\/\" target=\"_blank\" rel=\"noopener\">VI Forum Mi\u0119dzynarodowe \u201cDZIE\u0143 BIZNESU UKRAI\u0143SKIEGO\u201d, 18 maja 2017 roku, Warszawa<\/a><\/li>\n<li><a href=\"https:\/\/euconlaw.com\/pl\/1-ukrayins-ka-rezul-tati-v-mizhnarodnogo-forumu-pol-s-kij-biznes-den\/\" target=\"_blank\" rel=\"noopener\">V Forum Mi\u0119dzynarodowe \u201cPOLSKI BIZNES DZIE\u0143\u201d, 24 listopada 2016 roku, Kij\u00f3w<\/a><\/li>\n<li><a href=\"https:\/\/euconlaw.com\/pl\/1-ukrayins-ka-iv-mizhnarodnij-forum-den-ukrayins-kogo-biznesu-v-pol-shhi\/\" target=\"_blank\" rel=\"noopener\">IV Forum Mi\u0119dzynarodowe \u201d DZIE\u0143 BIZNESU UKRAI\u0143SKIEGO \u201c, 12 maja 2016 roku, Warszawa<\/a><\/li>\n<li><a href=\"https:\/\/euconlaw.com\/pl\/1-ukrayins-ka-iii-mizhnarodnij-forum-pol-s-kij-biznes-den-2\/\" target=\"_blank\" rel=\"noopener\">\u0406\u0406\u0406 Forum Mi\u0119dzynarodowe \u201d POLSKI BIZNES DZIE\u0143 \u201c, 26 listopada 2015 roku, Kij\u00f3w<\/a><\/li>\n<li><a href=\"https:\/\/euconlaw.com\/pl\/ii-mizhnarodny-j-forum-den-ukrayins-kogo-biznesu-v-pol-shhi\/\" target=\"_blank\" rel=\"noopener\">\u0406\u0406 Forum Mi\u0119dzynarodowe \u201cDZIE\u0143 BIZNESU UKRAI\u0143SKIEGO\u201d, 14maja 2015 roku, Warszawa<\/a><\/li>\n<li><a href=\"https:\/\/euconlaw.com\/pl\/i-mizhnarodny-j-forum-pol-s-ky-j-biznes-den-chy-stane-pol-shha-viknom-v-yevropu-dlya-ukrayins-kogo-biznesu\/\" target=\"_blank\" rel=\"noopener\">I Forum Mi\u0119dzynarodowe \u201cPOLSKI BIZNES DZIE\u0143\u201d, 6 listopada 2014 roku, Kij\u00f3w<\/a><\/li>\n<\/ul>\n","protected":false},"excerpt":{"rendered":"<p>Organizatorzy zapraszaj\u0105 wszystkich ch\u0119tnych do wzi\u0119cia udzia\u0142u w XIII Mi\u0119dzynarodowym Forum &#8222;Polsko-Ukrai\u0144skie dni biznesowe&#8221;, kt\u00f3re odb\u0119dzie si\u0119 w dniach 20-21 maja 2021 roku w Warszawie. Przypominamy, \u017ce Mi\u0119dzynarodowe Forum &#8222;Polsko-Ukrai\u0144skie dni biznesowe&#8221; to wydarzenie formatu mi\u0119dzynarodowego, platforma komunikacyjna dla przedstawicieli \u015brodowisk rz\u0105dowych i spo\u0142eczno\u015bci biznesowej obu kraj\u00f3w, kt\u00f3ra zosta\u0142a uruchomiona w celu ulepszenia wsp\u00f3\u0142pracy handlowej [:]<\/p>\n","protected":false},"author":1,"featured_media":17130,"comment_status":"closed","ping_status":"closed","sticky":false,"template":"","format":"standard","meta":[],"categories":[87],"tags":[],"yoast_head":"<!-- This site is optimized with the Yoast SEO plugin v16.6 - https:\/\/yoast.com\/wordpress\/plugins\/seo\/ -->\n<title>XIII Mi\u0119dzynarodowe Forum \u00abPolsko-Ukrai\u0144skie dni biznesowe\u00bb - EUCON Grupa Prawnicza<\/title>\n<meta name=\"robots\" content=\"index, follow, max-snippet:-1, max-image-preview:large, max-video-preview:-1\" \/>\n<link rel=\"canonical\" href=\"\/\" \/>\n<meta property=\"og:locale\" content=\"pl_PL\" \/>\n<meta property=\"og:type\" content=\"article\" \/>\n<meta property=\"og:title\" content=\"XIII Mi\u0119dzynarodowe Forum \u00abPolsko-Ukrai\u0144skie dni biznesowe\u00bb - EUCON Grupa Prawnicza\" \/>\n<meta property=\"og:description\" content=\"Organizatorzy zapraszaj\u0105 wszystkich ch\u0119tnych do wzi\u0119cia udzia\u0142u w XIII Mi\u0119dzynarodowym Forum &#8222;Polsko-Ukrai\u0144skie dni biznesowe&#8221;, kt\u00f3re odb\u0119dzie si\u0119 w dniach 20-21 maja 2021 roku w Warszawie. Przypominamy, \u017ce Mi\u0119dzynarodowe Forum &#8222;Polsko-Ukrai\u0144skie dni biznesowe&#8221; to wydarzenie formatu mi\u0119dzynarodowego, platforma komunikacyjna dla przedstawicieli \u015brodowisk rz\u0105dowych i spo\u0142eczno\u015bci biznesowej obu kraj\u00f3w, kt\u00f3ra zosta\u0142a uruchomiona w celu ulepszenia wsp\u00f3\u0142pracy handlowej [:]\" \/>\n<meta property=\"og:site_name\" content=\"EUCON Grupa Prawnicza\" \/>\n<meta property=\"article:published_time\" content=\"2021-02-02T06:12:36+00:00\" \/>\n<meta property=\"og:image\" content=\"https:\/\/euconlaw.com\/wp-content\/uploads\/2021\/02\/banner_eucon_conference_2021_may_fb-ua-scaled.jpg\" \/>\n\t<meta property=\"og:image:width\" content=\"2560\" \/>\n\t<meta property=\"og:image:height\" content=\"948\" \/>\n<meta name=\"twitter:card\" content=\"summary_large_image\" \/>\n<meta name=\"twitter:label1\" content=\"Szacowany czas czytania\" \/>\n\t<meta name=\"twitter:data1\" content=\"3 minuty\" \/>\n<script type=\"application\/ld+json\" class=\"yoast-schema-graph\">{\"@context\":\"https:\/\/schema.org\",\"@graph\":[{\"@type\":\"WebSite\",\"@id\":\"https:\/\/euconlaw.com\/#website\",\"url\":\"https:\/\/euconlaw.com\/\",\"name\":\"EUCON Grupa Prawnicza\",\"description\":\"\",\"potentialAction\":[{\"@type\":\"SearchAction\",\"target\":{\"@type\":\"EntryPoint\",\"urlTemplate\":\"https:\/\/euconlaw.com\/?s={search_term_string}\"},\"query-input\":\"required name=search_term_string\"}],\"inLanguage\":\"pl-PL\"},{\"@type\":\"ImageObject\",\"@id\":\"#primaryimage\",\"inLanguage\":\"pl-PL\",\"url\":\"https:\/\/euconlaw.com\/wp-content\/uploads\/2021\/02\/banner_eucon_conference_2021_may_fb-ua-scaled.jpg\",\"contentUrl\":\"https:\/\/euconlaw.com\/wp-content\/uploads\/2021\/02\/banner_eucon_conference_2021_may_fb-ua-scaled.jpg\",\"width\":2560,\"height\":948},{\"@type\":\"WebPage\",\"@id\":\"#webpage\",\"url\":null,\"name\":\"XIII Mi\\u0119dzynarodowe Forum \\u00abPolsko-Ukrai\\u0144skie dni biznesowe\\u00bb - EUCON Grupa Prawnicza\",\"isPartOf\":{\"@id\":\"https:\/\/euconlaw.com\/#website\"},\"primaryImageOfPage\":{\"@id\":\"#primaryimage\"},\"datePublished\":\"2021-02-02T06:12:36+00:00\",\"dateModified\":\"2021-02-02T06:12:36+00:00\",\"author\":{\"@id\":\"https:\/\/euconlaw.com\/#\/schema\/person\/885bb53bf78f77a53b9f988b08ac37e9\"},\"breadcrumb\":{\"@id\":\"#breadcrumb\"},\"inLanguage\":\"pl-PL\",\"potentialAction\":[{\"@type\":\"ReadAction\",\"target\":[null]}]},{\"@type\":\"BreadcrumbList\",\"@id\":\"#breadcrumb\",\"itemListElement\":[{\"@type\":\"ListItem\",\"position\":1,\"name\":\"Home\",\"item\":\"https:\/\/euconlaw.com\/pl\/\"},{\"@type\":\"ListItem\",\"position\":2,\"name\":\"XIII Mi\\u0119dzynarodowe Forum \\u00abPolsko-Ukrai\\u0144skie dni biznesowe\\u00bb\"}]},{\"@type\":\"Person\",\"@id\":\"https:\/\/euconlaw.com\/#\/schema\/person\/885bb53bf78f77a53b9f988b08ac37e9\",\"name\":\"osadchyppua\",\"image\":{\"@type\":\"ImageObject\",\"@id\":\"https:\/\/euconlaw.com\/#personlogo\",\"inLanguage\":\"pl-PL\",\"url\":\"https:\/\/secure.gravatar.com\/avatar\/05757e1f9a085053643881aaa3c3ee31?s=96&d=mm&r=g\",\"contentUrl\":\"https:\/\/secure.gravatar.com\/avatar\/05757e1f9a085053643881aaa3c3ee31?s=96&d=mm&r=g\",\"caption\":\"osadchyppua\"},\"sameAs\":[\"https:\/\/euconlaw.com\"]}]}<\/script>\n<!-- \/ Yoast SEO plugin. -->","_links":{"self":[{"href":"https:\/\/euconlaw.com\/pl\/wp-json\/wp\/v2\/posts\/20054"}],"collection":[{"href":"https:\/\/euconlaw.com\/pl\/wp-json\/wp\/v2\/posts"}],"about":[{"href":"https:\/\/euconlaw.com\/pl\/wp-json\/wp\/v2\/types\/post"}],"author":[{"embeddable":true,"href":"https:\/\/euconlaw.com\/pl\/wp-json\/wp\/v2\/users\/1"}],"replies":[{"embeddable":true,"href":"https:\/\/euconlaw.com\/pl\/wp-json\/wp\/v2\/comments?post=20054"}],"version-history":[{"count":0,"href":"https:\/\/euconlaw.com\/pl\/wp-json\/wp\/v2\/posts\/20054\/revisions"}],"wp:featuredmedia":[{"embeddable":true,"href":"https:\/\/euconlaw.com\/pl\/wp-json\/wp\/v2\/media\/17130"}],"wp:attachment":[{"href":"https:\/\/euconlaw.com\/pl\/wp-json\/wp\/v2\/media?parent=20054"}],"wp:term":[{"taxonomy":"category","embeddable":true,"href":"https:\/\/euconlaw.com\/pl\/wp-json\/wp\/v2\/categories?post=20054"},{"taxonomy":"post_tag","embeddable":true,"href":"https:\/\/euconlaw.com\/pl\/wp-json\/wp\/v2\/tags?post=20054"}],"curies":[{"name":"wp","href":"https:\/\/api.w.org\/{rel}","templated":true}]}}