{"id":41382,"date":"2023-01-31T19:01:09","date_gmt":"2023-01-31T17:01:09","guid":{"rendered":"https:\/\/euconlaw.com\/?p=41382"},"modified":"2023-02-24T17:05:34","modified_gmt":"2023-02-24T15:05:34","slug":"developing-future-eucon-zostal-partnerem-miedzynarodowych-targow-budownictwa-build4future","status":"publish","type":"post","link":"https:\/\/euconlaw.com\/pl\/developing-future-eucon-zostal-partnerem-miedzynarodowych-targow-budownictwa-build4future\/","title":{"rendered":"Developing future: EUCON zosta\u0142 partnerem Mi\u0119dzynarodowych Targ\u00f3w Budownictwa BUILD4FUTURE"},"content":{"rendered":"<p><strong>W dniach 30 stycznia &#8211; 3 lutego<\/strong> w <strong>Poznaniu<\/strong> odbywa si\u0119 <strong>Mi\u0119dzynarodowe Forum Budowlane BUILD4FUTURE<\/strong>, organizowane przez <strong>Grup\u0119 MTP i Polski Zwi\u0105zek Pracodawc\u00f3w Budownictwa<\/strong> <strong>przy wsparciu Polskiej Agencji Inwestycji i Handlu (PAIH), Korporacji Ubezpiecze\u0144 Kredyt\u00f3w Eksportowych, Banku Gospodarstwa Krajowego oraz \u0141ukasiewicz <\/strong><strong>Research Network<\/strong>. W ramach forum, kt\u00f3re odbywa si\u0119 w <strong>Pozna\u0144skim Centrum Kongresowym<\/strong> na terenie <strong>Mi\u0119dzynarodowych Targ\u00f3w Pozna\u0144skich<\/strong>, odbywaj\u0105 si\u0119 r\u00f3wnie\u017c <strong>Mi\u0119dzynarodowe Targi Budownictwa i Architektury BUDMA 2023<\/strong>.<\/p>\n<p><strong><em>EUCON<\/em><\/strong> zosta\u0142 <strong>partnerem bran\u017cowym wydarzenia i wystawc\u0105<\/strong>, a <strong><em>Yaroslav Romanchuk<\/em><\/strong>, adwokat, partner zarz\u0105dzaj\u0105cy firmy, Prezes Zarz\u0105du Zrzeszenia Ukrai\u0144skiego Biznesu w Polsce, wyst\u0105pi\u0142 na <strong>Mi\u0119dzynarodowej Konwencji Budownictwo Polska-Ukraina<\/strong>, wydarzeniu odbywaj\u0105cym si\u0119 drugiego dnia forum, <strong>31 stycznia<\/strong>. Na wystawie firm\u0119 reprezentowa\u0142a doktor nauk prawnych <strong><em>Olha Sushyk<\/em><\/strong>, Zast\u0119pca Kierownika Praktyki Prawa Budowlanego i Nieruchomo\u015bci.<\/p>\n<p><strong>Forum BUILD4FUTURE<\/strong> &#8211; to wydarzenie z udzia\u0142em uznanych i do\u015bwiadczonych ekspert\u00f3w z dziedziny budownictwa, ekonomii i innych w\u0142a\u015bciwych specjalist\u00f3w, przedstawicieli agencji rz\u0105dowych i organizacji pozarz\u0105dowych, po\u015bwi\u0119cone szerokiej analizie rynku budowlanego w Polsce i Europie, w szczeg\u00f3lno\u015bci w kontek\u015bcie kryzysu, wojny oraz perspektyw udzia\u0142u polskich i europejskich firm budowlanych w odbudowie Ukrainy. Mi\u0119dzynarodowy Polsko-Ukrai\u0144ski Konwent Budowlany by\u0142 pierwszym w Polsce spotkaniem przedstawicieli europejskiego biznesu po\u015bwi\u0119conym wy\u0142\u0105cznie sektorowi budownictwa i nieruchomo\u015bci w kontek\u015bcie odbudowy Ukrainy, kt\u00f3rego celem by\u0142o znalezienie odpowiedzi na pytania o specyfik\u0119 i aspekty zaanga\u017cowania polskich i europejskich firm w odbudow\u0119, a tak\u017ce pytania zwi\u0105zane z aktualnym stanem wsp\u00f3\u0142pracy z ukrai\u0144skim rynkiem budowlanym.<\/p>\n<p><strong><em>\u00a0<\/em><\/strong><strong><em>Yaroslav Romanchuk<\/em><\/strong> by\u0142 prelegentem <em>pierwszego panelu dyskusyjnego &#8222;Koncepcje odbudowy Ukrainy i udzia\u0142 w niej polskiego sektora budowlanego. Forum praktycznych do\u015bwiadcze\u0144 bran\u017cy budowlanej na Ukrainie &#8211; do\u015bwiadczenia polskich firm&#8221;.<\/em> Pan Yaroslav wraz z kolegami panelistami om\u00f3wi\u0142 osobliwo\u015bci, do\u015bwiadczenia i spostrze\u017cenia zwi\u0105zane z prowadzeniem biznesu budowlanego na Ukrainie przed wojn\u0105 i w obecnych warunkach. Eksperci poruszyli r\u00f3wnie\u017c kwestie certyfikacji polskich firm i wydawania licencji na dzia\u0142alno\u015b\u0107 na Ukrainie, implementacji europejskich przepis\u00f3w i ogranicze\u0144 na rynku ukrai\u0144skim, w tym zmian w ustawodawstwie dotycz\u0105cym gospodarki, przysz\u0142ych zagro\u017ce\u0144 i trudno\u015bci dla polskiego biznesu oraz sposob\u00f3w ich zapobiegania, istniej\u0105cych barier wej\u015bcia na rynek budowlany, otwarto\u015bci rynku ukrai\u0144skiego na firmy mi\u0119dzynarodowe, nawi\u0105zywania relacji biznesowych w czasie wojny, sposob\u00f3w poprawy sytuacji z przejrzysto\u015bci\u0105 finansow\u0105 dzia\u0142alno\u015bci gospodarczej itp.<\/p>\n<p>Panelistami byli: <strong><em>Szymon Waszczyn<\/em><\/strong> &#8211; Prezes Zarz\u0105du Bolix Ukraine sp. z o.o.; <strong><em>Karol Kubica<\/em><\/strong> &#8211; Kierownik Zagranicznego Biura Handlowego PAIH w Kijowie; <strong><em>Roman Babak<\/em><\/strong> &#8211; Prezes Zarz\u0105du TB Group, Sekretarz Polsko-Ukrai\u0144skiego Konwentu Budowlanego; <strong><em>Leszek Holambiecki<\/em><\/strong> &#8211; Prezes Zarz\u0105du Unibep SA; Prof. <strong><em>Gennadiy Fareniuk<\/em> &#8211;<\/strong> Dyrektor Pa\u0144stwowego Instytutu Badawczego Konstrukcji Budowlanych Ukrainy oraz <strong><em>Oleksandr Baranovskyi<\/em> &#8211;<\/strong> Koordynator Projektu Narodowego Stowarzyszenia Architekt\u00f3w Ukrainy.<\/p>\n<div class=\"fotorama\" data-allowfullscreen=\"true\" data-nav=\"thumbs\">\n<img src=\"https:\/\/euconlaw.com\/wp-content\/uploads\/2023\/01\/microsoftteams-image-17-768x1024.jpg\" width=\"640\" height=\"853\" alt=\"\" \/>\n<img src=\"https:\/\/euconlaw.com\/wp-content\/uploads\/2023\/01\/microsoftteams-image-19-1024x481.jpg\" width=\"640\" height=\"301\" alt=\"\" \/>\n<img src=\"https:\/\/euconlaw.com\/wp-content\/uploads\/2023\/01\/microsoftteams-image-16-768x1024.jpg\" width=\"640\" height=\"853\" alt=\"\" \/>\n<img src=\"https:\/\/euconlaw.com\/wp-content\/uploads\/2023\/01\/microsoftteams-image-14-768x1024.jpg\" width=\"640\" height=\"853\" alt=\"\" \/>\n<img src=\"https:\/\/euconlaw.com\/wp-content\/uploads\/2023\/01\/microsoftteams-image-15-1024x767.jpg\" width=\"640\" height=\"479\" alt=\"\" \/>\n<img src=\"https:\/\/euconlaw.com\/wp-content\/uploads\/2023\/01\/microsoftteams-image-20-1024x518.jpg\" width=\"640\" height=\"324\" alt=\"\" \/>\n<img src=\"https:\/\/euconlaw.com\/wp-content\/uploads\/2023\/01\/microsoftteams-image-25-768x1024.jpg\" width=\"640\" height=\"853\" alt=\"\" \/>\n<img src=\"https:\/\/euconlaw.com\/wp-content\/uploads\/2023\/01\/microsoftteams-image-23-768x1024.jpg\" width=\"640\" height=\"853\" alt=\"\" \/>\n<img src=\"https:\/\/euconlaw.com\/wp-content\/uploads\/2023\/01\/microsoftteams-image-24-1024x768.jpg\" width=\"640\" height=\"480\" alt=\"\" \/>\n<img src=\"https:\/\/euconlaw.com\/wp-content\/uploads\/2023\/01\/microsoftteams-image-21-1024x557.jpg\" width=\"640\" height=\"348\" alt=\"\" \/>\n<img src=\"https:\/\/euconlaw.com\/wp-content\/uploads\/2023\/01\/microsoftteams-image-22-1024x598.jpg\" width=\"640\" height=\"374\" alt=\"\" \/>\n<\/div>\n\n","protected":false},"excerpt":{"rendered":"<p>W dniach 30 stycznia &#8211; 3 lutego w Poznaniu odbywa si\u0119 Mi\u0119dzynarodowe Forum Budowlane BUILD4FUTURE, organizowane przez Grup\u0119 MTP i Polski Zwi\u0105zek Pracodawc\u00f3w Budownictwa przy wsparciu Polskiej Agencji Inwestycji i Handlu (PAIH), Korporacji Ubezpiecze\u0144 Kredyt\u00f3w Eksportowych, Banku Gospodarstwa Krajowego oraz \u0141ukasiewicz Research Network. W ramach forum, kt\u00f3re odbywa si\u0119 w Pozna\u0144skim Centrum Kongresowym na terenie [:]<\/p>\n","protected":false},"author":3,"featured_media":40973,"comment_status":"closed","ping_status":"closed","sticky":false,"template":"","format":"standard","meta":[],"categories":[97],"tags":[],"yoast_head":"<!-- This site is optimized with the Yoast SEO plugin v16.6 - https:\/\/yoast.com\/wordpress\/plugins\/seo\/ -->\n<title>Developing future: EUCON zosta\u0142 partnerem Mi\u0119dzynarodowych Targ\u00f3w Budownictwa BUILD4FUTURE - EUCON Grupa Prawnicza<\/title>\n<meta name=\"robots\" content=\"index, follow, max-snippet:-1, max-image-preview:large, max-video-preview:-1\" \/>\n<link rel=\"canonical\" href=\"\/\" \/>\n<meta property=\"og:locale\" content=\"pl_PL\" \/>\n<meta property=\"og:type\" content=\"article\" \/>\n<meta property=\"og:title\" content=\"Developing future: EUCON zosta\u0142 partnerem Mi\u0119dzynarodowych Targ\u00f3w Budownictwa BUILD4FUTURE - EUCON Grupa Prawnicza\" \/>\n<meta property=\"og:description\" content=\"W dniach 30 stycznia &#8211; 3 lutego w Poznaniu odbywa si\u0119 Mi\u0119dzynarodowe Forum Budowlane BUILD4FUTURE, organizowane przez Grup\u0119 MTP i Polski Zwi\u0105zek Pracodawc\u00f3w Budownictwa przy wsparciu Polskiej Agencji Inwestycji i Handlu (PAIH), Korporacji Ubezpiecze\u0144 Kredyt\u00f3w Eksportowych, Banku Gospodarstwa Krajowego oraz \u0141ukasiewicz Research Network. W ramach forum, kt\u00f3re odbywa si\u0119 w Pozna\u0144skim Centrum Kongresowym na terenie [:]\" \/>\n<meta property=\"og:site_name\" content=\"EUCON Grupa Prawnicza\" \/>\n<meta property=\"article:published_time\" content=\"2023-01-31T17:01:09+00:00\" \/>\n<meta property=\"article:modified_time\" content=\"2023-02-24T15:05:34+00:00\" \/>\n<meta property=\"og:image\" content=\"https:\/\/euconlaw.com\/wp-content\/uploads\/2023\/01\/microsoftteams-image-20.jpg\" \/>\n\t<meta property=\"og:image:width\" content=\"1170\" \/>\n\t<meta property=\"og:image:height\" content=\"592\" \/>\n<meta name=\"twitter:card\" content=\"summary_large_image\" \/>\n<meta name=\"twitter:label1\" content=\"Szacowany czas czytania\" \/>\n\t<meta name=\"twitter:data1\" content=\"2 minuty\" \/>\n<script type=\"application\/ld+json\" class=\"yoast-schema-graph\">{\"@context\":\"https:\/\/schema.org\",\"@graph\":[{\"@type\":\"WebSite\",\"@id\":\"https:\/\/euconlaw.com\/#website\",\"url\":\"https:\/\/euconlaw.com\/\",\"name\":\"EUCON Grupa Prawnicza\",\"description\":\"\",\"potentialAction\":[{\"@type\":\"SearchAction\",\"target\":{\"@type\":\"EntryPoint\",\"urlTemplate\":\"https:\/\/euconlaw.com\/?s={search_term_string}\"},\"query-input\":\"required name=search_term_string\"}],\"inLanguage\":\"pl-PL\"},{\"@type\":\"ImageObject\",\"@id\":\"#primaryimage\",\"inLanguage\":\"pl-PL\",\"url\":\"https:\/\/euconlaw.com\/wp-content\/uploads\/2023\/01\/microsoftteams-image-20.jpg\",\"contentUrl\":\"https:\/\/euconlaw.com\/wp-content\/uploads\/2023\/01\/microsoftteams-image-20.jpg\",\"width\":1170,\"height\":592},{\"@type\":\"WebPage\",\"@id\":\"#webpage\",\"url\":null,\"name\":\"Developing future: EUCON zosta\\u0142 partnerem Mi\\u0119dzynarodowych Targ\\u00f3w Budownictwa BUILD4FUTURE - EUCON Grupa Prawnicza\",\"isPartOf\":{\"@id\":\"https:\/\/euconlaw.com\/#website\"},\"primaryImageOfPage\":{\"@id\":\"#primaryimage\"},\"datePublished\":\"2023-01-31T17:01:09+00:00\",\"dateModified\":\"2023-02-24T15:05:34+00:00\",\"author\":{\"@id\":\"https:\/\/euconlaw.com\/#\/schema\/person\/d8f2c0d3d1d40a4316c1d9d06f1c4898\"},\"breadcrumb\":{\"@id\":\"#breadcrumb\"},\"inLanguage\":\"pl-PL\",\"potentialAction\":[{\"@type\":\"ReadAction\",\"target\":[null]}]},{\"@type\":\"BreadcrumbList\",\"@id\":\"#breadcrumb\",\"itemListElement\":[{\"@type\":\"ListItem\",\"position\":1,\"name\":\"Home\",\"item\":\"https:\/\/euconlaw.com\/pl\/\"},{\"@type\":\"ListItem\",\"position\":2,\"name\":\"Developing future: EUCON zosta\\u0142 partnerem Mi\\u0119dzynarodowych Targ\\u00f3w Budownictwa BUILD4FUTURE\"}]},{\"@type\":\"Person\",\"@id\":\"https:\/\/euconlaw.com\/#\/schema\/person\/d8f2c0d3d1d40a4316c1d9d06f1c4898\",\"name\":\"editor\",\"image\":{\"@type\":\"ImageObject\",\"@id\":\"https:\/\/euconlaw.com\/#personlogo\",\"inLanguage\":\"pl-PL\",\"url\":\"https:\/\/secure.gravatar.com\/avatar\/d6ebb9a06d772f7f8cc32bc6fd3e0f79?s=96&d=mm&r=g\",\"contentUrl\":\"https:\/\/secure.gravatar.com\/avatar\/d6ebb9a06d772f7f8cc32bc6fd3e0f79?s=96&d=mm&r=g\",\"caption\":\"editor\"}}]}<\/script>\n<!-- \/ Yoast SEO plugin. -->","_links":{"self":[{"href":"https:\/\/euconlaw.com\/pl\/wp-json\/wp\/v2\/posts\/41382"}],"collection":[{"href":"https:\/\/euconlaw.com\/pl\/wp-json\/wp\/v2\/posts"}],"about":[{"href":"https:\/\/euconlaw.com\/pl\/wp-json\/wp\/v2\/types\/post"}],"author":[{"embeddable":true,"href":"https:\/\/euconlaw.com\/pl\/wp-json\/wp\/v2\/users\/3"}],"replies":[{"embeddable":true,"href":"https:\/\/euconlaw.com\/pl\/wp-json\/wp\/v2\/comments?post=41382"}],"version-history":[{"count":2,"href":"https:\/\/euconlaw.com\/pl\/wp-json\/wp\/v2\/posts\/41382\/revisions"}],"predecessor-version":[{"id":41384,"href":"https:\/\/euconlaw.com\/pl\/wp-json\/wp\/v2\/posts\/41382\/revisions\/41384"}],"wp:featuredmedia":[{"embeddable":true,"href":"https:\/\/euconlaw.com\/pl\/wp-json\/wp\/v2\/media\/40973"}],"wp:attachment":[{"href":"https:\/\/euconlaw.com\/pl\/wp-json\/wp\/v2\/media?parent=41382"}],"wp:term":[{"taxonomy":"category","embeddable":true,"href":"https:\/\/euconlaw.com\/pl\/wp-json\/wp\/v2\/categories?post=41382"},{"taxonomy":"post_tag","embeddable":true,"href":"https:\/\/euconlaw.com\/pl\/wp-json\/wp\/v2\/tags?post=41382"}],"curies":[{"name":"wp","href":"https:\/\/api.w.org\/{rel}","templated":true}]}}