{"id":41385,"date":"2023-02-15T20:40:49","date_gmt":"2023-02-15T18:40:49","guid":{"rendered":"https:\/\/euconlaw.com\/?p=41385"},"modified":"2023-02-24T17:07:47","modified_gmt":"2023-02-24T15:07:47","slug":"konstruktywna-sila-eucon-zostal-partnerem-strategicznym-recovery-construction-forum","status":"publish","type":"post","link":"https:\/\/euconlaw.com\/pl\/konstruktywna-sila-eucon-zostal-partnerem-strategicznym-recovery-construction-forum\/","title":{"rendered":"Konstruktywna si\u0142a: EUCON zosta\u0142 partnerem strategicznym Recovery Construction Forum"},"content":{"rendered":"<p><strong>15 lutego w Warszawie<\/strong> w ramach <strong>Mi\u0119dzynarodowej Wystawy i Konferencji Rebuild Ukraine<\/strong> odby\u0142o si\u0119 <strong>Recovery Construction Forum &#8211;<\/strong> platforma komunikacji pomi\u0119dzy przedstawicielami bran\u017cy budowlanej kraj\u00f3w europejskich w celu przyspieszenia odbudowy ukrai\u0144skich spo\u0142eczno\u015bci dotkni\u0119tych wojn\u0105. <strong>EUCON <\/strong>zosta\u0142 <strong>partnerem strategicznym<\/strong> tego wydarzenia, a <strong><em>Yaroslav Romanchuk<\/em><\/strong>, adwokat i partner zarz\u0105dzaj\u0105cy, wyst\u0105pi\u0142 na forum.<!--more--><\/p>\n<p>Forum Budownictwa Odzysku zosta\u0142o <em>zorganizowane<\/em> przez <strong>Konfederacj\u0119 Budowniczych Ukrainy<\/strong> oraz <strong>Premier Expo<\/strong>, jedynego mi\u0119dzynarodowego operatora wystawienniczego na Ukrainie. W wydarzeniu wzi\u0119li udzia\u0142 przedstawiciele agencji rz\u0105dowych, w tym odpowiednich ministerstw, z Ukrainy i Polski, ukrai\u0144skiego i europejskiego przemys\u0142u budowlanego, firm prawniczych i ubezpieczeniowych oraz inwestor\u00f3w.<\/p>\n<p>Rozpoczynaj\u0105c swoje wyst\u0105pienie, <strong><em>Yaroslav Romanchuk<\/em> <\/strong>podkre\u015bli\u0142 <em>w panelu &#8222;Obszary odbudowy: mieszkalnictwo, infrastruktura, przemys\u0142&#8221;,<\/em> \u017ce pe\u0142ne funkcjonowanie gospodarki jest kluczowe dla \u017cycia i rozwoju kraju. W czasie wojny sektor gospodarczy jest jednym z najwa\u017cniejszych, obok sektora dyplomatycznego i informacyjnego. Dlatego ukrai\u0144ski biznes dzi\u015b, mimo wszystkich trudno\u015bci i wyzwa\u0144, nadal funkcjonuje i p\u0142aci podatki, organizuje swoj\u0105 dzia\u0142alno\u015b\u0107, rozwija si\u0119, snuje plany na przysz\u0142o\u015b\u0107, w tym inwestycyjne.<\/p>\n<p>W tym kontek\u015bcie, zdaniem prelegenta, wa\u017cne jest prowadzenie konstruktywnego dialogu na temat powojennej odbudowy Ukrainy w celu optymalizacji wszystkich proces\u00f3w i szybkiej realizacji zaplanowanych dzia\u0142a\u0144.<\/p>\n<p>Pan Yaroslav zauwa\u017cy\u0142, \u017ce w celu przyci\u0105gni\u0119cia bezpo\u015brednich inwestycji na Ukrain\u0119 od zachodnich partner\u00f3w oczekuje si\u0119 nast\u0119puj\u0105cych dzia\u0142a\u0144<\/p>\n<ul>\n<li>Utworzenie funduszy inwestycji bezpo\u015brednich z udzia\u0142em rz\u0105d\u00f3w;<\/li>\n<li>udzielanie gwarancji pa\u0144stwowych i bezpo\u015brednich po\u017cyczek dla firm inwestuj\u0105cych na Ukrainie;<\/li>\n<li>ubezpieczenie od ryzyka, w tym politycznego i wojskowego.<\/li>\n<\/ul>\n<p>Ze swojej strony rz\u0105d ukrai\u0144ski, w celu uproszczenia proces\u00f3w i zapewnienia gwarancji prawnych dla partner\u00f3w, powinien:<\/p>\n<ul>\n<li>kontynuowa\u0107 harmonizacj\u0119 ukrai\u0144skiego ustawodawstwa z prawodawstwem UE;<\/li>\n<li>zako\u0144czy\u0107 reform\u0119 s\u0105downictwa;<\/li>\n<li>zako\u0144czy\u0107 tworzenie organ\u00f3w antykorupcyjnych;<\/li>\n<li>uregulowa\u0107 konkurencj\u0119 poprzez wzmocnienie niezale\u017cno\u015bci Komitetu Antymonopolowego;<\/li>\n<li>zako\u0144czy\u0107 prywatyzacj\u0119 aktyw\u00f3w niestrategicznych.<\/li>\n<\/ul>\n<p>Ponadto ekspert podkre\u015bli\u0142 piln\u0105 potrzeb\u0119 reformy podatkowej na Ukrainie, kt\u00f3ra jest kluczem do przyci\u0105gania inwestycji.<\/p>\n<p>Jaros\u0142aw Roma\u0144czuk zwr\u00f3ci\u0142 uwag\u0119, \u017ce kwestia kapita\u0142u ludzkiego jest obecnie jedn\u0105 z najbardziej bolesnych zar\u00f3wno dla biznesu, jak i ca\u0142ej Ukrainy. Jak zmotywowa\u0107 Ukrai\u0144c\u00f3w do powrotu, jak uspo\u0142eczni\u0107 zdemobilizowanych \u017co\u0142nierzy, jak prawid\u0142owo realizowa\u0107 polityk\u0119 imigracyjn\u0105, by przyci\u0105gn\u0105\u0107 now\u0105 si\u0142\u0119 robocz\u0105 z zagranicy &#8211; wszystkie te kwestie pozostaj\u0105 kontrowersyjne i s\u0105 niezwykle dotkliwe dla ukrai\u0144skiego spo\u0142ecze\u0144stwa.<\/p>\n<p>Inn\u0105 r\u00f3wnie wa\u017cn\u0105 ide\u0105 w\u015br\u00f3d zg\u0142aszanych by\u0142a teza o anulowaniu kodeksu handlowego i uregulowaniu dzia\u0142alno\u015bci i rejestracji pa\u0144stwowej organizacji publicznych, gdy\u017c dualizm prawa cywilnego na Ukrainie, kt\u00f3ry powsta\u0142 w wyniku istnienia dw\u00f3ch kodeks\u00f3w reguluj\u0105cych stosunki cywilne, jest rudymentem radzieckim i powinien zosta\u0107 wyeliminowany.<\/p>\n<p>Prelegent poruszy\u0142 tak\u017ce rodzaje finansowania, przypadki kontrakt\u00f3w FIDIC, obs\u0142ug\u0119 prawn\u0105 i \u015bwiadczenie kompleksowych us\u0142ug dla przedsi\u0119biorstw, w tym budowlanych.<\/p>\n<p><em>Panelistami zostali<\/em>: <strong><em>Domenico Campogrande &#8211; <\/em><\/strong>Dyrektor Generalny Federacji Europejskiego Przemys\u0142u Budowlanego (FIEC) (moderator); <strong><em>Jewhen Plaszczenko<\/em> &#8211;<\/strong> Dyrektor Generalny Dyrekcji Planowania Przestrzennego i Architektury Ministerstwa Wsp\u00f3lnoty i Rozwoju Terytorialnego Ukrainy; <strong><em>Semen Kryvonos<\/em><\/strong> \u2013 Kierownik Pa\u0144stwowej Inspekcji Architektury i Urbanistyki Ukrainy; <strong><em>Ellen Hamilton<\/em><\/strong> &#8211; Lead Urban Specialist, Global Urban Development, Sustainability and Land Practice, Bank \u015awiatowy; <strong><em>Rafa\u0142 Rybatski<\/em><\/strong> &#8211; Kierownik Neighbourhood Lending w Europejskim Banku Inwestycyjnym; <strong><em>Denys Haiovyi<\/em><\/strong> &#8211; Associate Director, Senior Banker, Sustainable Infrastructure Department, EBRD Ukraine; <strong><em>Olena Voloshyna<\/em><\/strong> &#8211; Head of Operations, International Finance Corporation (IFC) in Ukraine; <strong><em>Kathleen Tonning<\/em><\/strong> &#8211; Head of the FIEC-EIC Task Force &#8222;Ukraine<strong><em>&#8222;; Peter Stahlens<\/em><\/strong> &#8211; Policy Officer, European Commission, DG-Group &#8211; Construction, Machinery and Standardisation; <strong><em>Danylo Molchanov<\/em><\/strong> &#8211; Kierownik projektu Transparency and Accountability in Public Administration and Services (TAPAS); <strong><em>Andrzej Rajkiewicz<\/em><\/strong> &#8211; niezale\u017cny cz\u0142onek Rady Nadzorczej Funduszu Efektywno\u015bci Energetycznej; <strong><em>Yevhen Shakotko<\/em><\/strong> &#8211; Zast\u0119pca Dyrektora Wykonawczego Ukraine Invest; <strong><em>Pavlo Nahornyi<\/em><\/strong> &#8211; Dyrektor Generalny Technomain Engineering LLC; <strong><em>Tina Kollerup Hansen<\/em><\/strong> &#8211; Wiceprezes Danida Sustainable Infrastructure Finance (DSIF) w Investingsfonden for Udviklingslande (IFU).<\/p>\n<div class=\"fotorama\" data-allowfullscreen=\"true\" data-nav=\"thumbs\">\n<img src=\"https:\/\/euconlaw.com\/wp-content\/uploads\/2023\/02\/5-1024x576.jpg\" width=\"640\" height=\"360\" alt=\"\" \/>\n<img src=\"https:\/\/euconlaw.com\/wp-content\/uploads\/2023\/02\/4-1024x768.jpg\" width=\"640\" height=\"480\" alt=\"\" \/>\n<img src=\"https:\/\/euconlaw.com\/wp-content\/uploads\/2023\/02\/8-1024x576.jpg\" width=\"640\" height=\"360\" alt=\"\" \/>\n<img src=\"https:\/\/euconlaw.com\/wp-content\/uploads\/2023\/02\/2-1024x768.jpg\" width=\"640\" height=\"480\" alt=\"\" \/>\n<img src=\"https:\/\/euconlaw.com\/wp-content\/uploads\/2023\/02\/7-1024x576.jpg\" width=\"640\" height=\"360\" alt=\"\" \/>\n<img src=\"https:\/\/euconlaw.com\/wp-content\/uploads\/2023\/02\/6-1024x576.jpg\" width=\"640\" height=\"360\" alt=\"\" \/>\n<img src=\"https:\/\/euconlaw.com\/wp-content\/uploads\/2023\/02\/9-1024x576.jpg\" width=\"640\" height=\"360\" alt=\"\" \/>\n<img src=\"https:\/\/euconlaw.com\/wp-content\/uploads\/2023\/02\/3-768x1024.jpg\" width=\"640\" height=\"853\" alt=\"\" \/>\n<img src=\"https:\/\/euconlaw.com\/wp-content\/uploads\/2023\/02\/1-1024x751.jpg\" width=\"640\" height=\"469\" alt=\"\" \/>\n<img src=\"https:\/\/euconlaw.com\/wp-content\/uploads\/2023\/02\/10-864x1024.jpg\" width=\"640\" height=\"759\" alt=\"\" \/>\n<img src=\"https:\/\/euconlaw.com\/wp-content\/uploads\/2023\/02\/11-1024x1024.jpg\" width=\"640\" height=\"640\" alt=\"\" \/>\n<\/div>\n\n","protected":false},"excerpt":{"rendered":"<p>15 lutego w Warszawie w ramach Mi\u0119dzynarodowej Wystawy i Konferencji Rebuild Ukraine odby\u0142o si\u0119 Recovery Construction Forum &#8211; platforma komunikacji pomi\u0119dzy przedstawicielami bran\u017cy budowlanej kraj\u00f3w europejskich w celu przyspieszenia odbudowy ukrai\u0144skich spo\u0142eczno\u015bci dotkni\u0119tych wojn\u0105. EUCON zosta\u0142 partnerem strategicznym tego wydarzenia, a Yaroslav Romanchuk, adwokat i partner zarz\u0105dzaj\u0105cy, wyst\u0105pi\u0142 na forum.<\/p>\n","protected":false},"author":3,"featured_media":41189,"comment_status":"closed","ping_status":"closed","sticky":false,"template":"","format":"standard","meta":[],"categories":[97],"tags":[],"yoast_head":"<!-- This site is optimized with the Yoast SEO plugin v16.6 - https:\/\/yoast.com\/wordpress\/plugins\/seo\/ -->\n<title>Konstruktywna si\u0142a: EUCON zosta\u0142 partnerem strategicznym Recovery Construction Forum - EUCON Grupa Prawnicza<\/title>\n<meta name=\"robots\" content=\"index, follow, max-snippet:-1, max-image-preview:large, max-video-preview:-1\" \/>\n<link rel=\"canonical\" href=\"\/\" \/>\n<meta property=\"og:locale\" content=\"pl_PL\" \/>\n<meta property=\"og:type\" content=\"article\" \/>\n<meta property=\"og:title\" content=\"Konstruktywna si\u0142a: EUCON zosta\u0142 partnerem strategicznym Recovery Construction Forum - EUCON Grupa Prawnicza\" \/>\n<meta property=\"og:description\" content=\"15 lutego w Warszawie w ramach Mi\u0119dzynarodowej Wystawy i Konferencji Rebuild Ukraine odby\u0142o si\u0119 Recovery Construction Forum &#8211; platforma komunikacji pomi\u0119dzy przedstawicielami bran\u017cy budowlanej kraj\u00f3w europejskich w celu przyspieszenia odbudowy ukrai\u0144skich spo\u0142eczno\u015bci dotkni\u0119tych wojn\u0105. EUCON zosta\u0142 partnerem strategicznym tego wydarzenia, a Yaroslav Romanchuk, adwokat i partner zarz\u0105dzaj\u0105cy, wyst\u0105pi\u0142 na forum.\" \/>\n<meta property=\"og:site_name\" content=\"EUCON Grupa Prawnicza\" \/>\n<meta property=\"article:published_time\" content=\"2023-02-15T18:40:49+00:00\" \/>\n<meta property=\"article:modified_time\" content=\"2023-02-24T15:07:47+00:00\" \/>\n<meta property=\"og:image\" content=\"https:\/\/euconlaw.com\/wp-content\/uploads\/2023\/02\/6-scaled.jpg\" \/>\n\t<meta property=\"og:image:width\" content=\"2560\" \/>\n\t<meta property=\"og:image:height\" content=\"1440\" \/>\n<meta name=\"twitter:card\" content=\"summary_large_image\" \/>\n<meta name=\"twitter:label1\" content=\"Szacowany czas czytania\" \/>\n\t<meta name=\"twitter:data1\" content=\"3 minuty\" \/>\n<script type=\"application\/ld+json\" class=\"yoast-schema-graph\">{\"@context\":\"https:\/\/schema.org\",\"@graph\":[{\"@type\":\"WebSite\",\"@id\":\"https:\/\/euconlaw.com\/#website\",\"url\":\"https:\/\/euconlaw.com\/\",\"name\":\"EUCON Grupa Prawnicza\",\"description\":\"\",\"potentialAction\":[{\"@type\":\"SearchAction\",\"target\":{\"@type\":\"EntryPoint\",\"urlTemplate\":\"https:\/\/euconlaw.com\/?s={search_term_string}\"},\"query-input\":\"required name=search_term_string\"}],\"inLanguage\":\"pl-PL\"},{\"@type\":\"ImageObject\",\"@id\":\"#primaryimage\",\"inLanguage\":\"pl-PL\",\"url\":\"https:\/\/euconlaw.com\/wp-content\/uploads\/2023\/02\/6-scaled.jpg\",\"contentUrl\":\"https:\/\/euconlaw.com\/wp-content\/uploads\/2023\/02\/6-scaled.jpg\",\"width\":2560,\"height\":1440},{\"@type\":\"WebPage\",\"@id\":\"#webpage\",\"url\":null,\"name\":\"Konstruktywna si\\u0142a: EUCON zosta\\u0142 partnerem strategicznym Recovery Construction Forum - EUCON Grupa Prawnicza\",\"isPartOf\":{\"@id\":\"https:\/\/euconlaw.com\/#website\"},\"primaryImageOfPage\":{\"@id\":\"#primaryimage\"},\"datePublished\":\"2023-02-15T18:40:49+00:00\",\"dateModified\":\"2023-02-24T15:07:47+00:00\",\"author\":{\"@id\":\"https:\/\/euconlaw.com\/#\/schema\/person\/d8f2c0d3d1d40a4316c1d9d06f1c4898\"},\"breadcrumb\":{\"@id\":\"#breadcrumb\"},\"inLanguage\":\"pl-PL\",\"potentialAction\":[{\"@type\":\"ReadAction\",\"target\":[null]}]},{\"@type\":\"BreadcrumbList\",\"@id\":\"#breadcrumb\",\"itemListElement\":[{\"@type\":\"ListItem\",\"position\":1,\"name\":\"Home\",\"item\":\"https:\/\/euconlaw.com\/pl\/\"},{\"@type\":\"ListItem\",\"position\":2,\"name\":\"Konstruktywna si\\u0142a: EUCON zosta\\u0142 partnerem strategicznym Recovery Construction Forum\"}]},{\"@type\":\"Person\",\"@id\":\"https:\/\/euconlaw.com\/#\/schema\/person\/d8f2c0d3d1d40a4316c1d9d06f1c4898\",\"name\":\"editor\",\"image\":{\"@type\":\"ImageObject\",\"@id\":\"https:\/\/euconlaw.com\/#personlogo\",\"inLanguage\":\"pl-PL\",\"url\":\"https:\/\/secure.gravatar.com\/avatar\/d6ebb9a06d772f7f8cc32bc6fd3e0f79?s=96&d=mm&r=g\",\"contentUrl\":\"https:\/\/secure.gravatar.com\/avatar\/d6ebb9a06d772f7f8cc32bc6fd3e0f79?s=96&d=mm&r=g\",\"caption\":\"editor\"}}]}<\/script>\n<!-- \/ Yoast SEO plugin. -->","_links":{"self":[{"href":"https:\/\/euconlaw.com\/pl\/wp-json\/wp\/v2\/posts\/41385"}],"collection":[{"href":"https:\/\/euconlaw.com\/pl\/wp-json\/wp\/v2\/posts"}],"about":[{"href":"https:\/\/euconlaw.com\/pl\/wp-json\/wp\/v2\/types\/post"}],"author":[{"embeddable":true,"href":"https:\/\/euconlaw.com\/pl\/wp-json\/wp\/v2\/users\/3"}],"replies":[{"embeddable":true,"href":"https:\/\/euconlaw.com\/pl\/wp-json\/wp\/v2\/comments?post=41385"}],"version-history":[{"count":2,"href":"https:\/\/euconlaw.com\/pl\/wp-json\/wp\/v2\/posts\/41385\/revisions"}],"predecessor-version":[{"id":41387,"href":"https:\/\/euconlaw.com\/pl\/wp-json\/wp\/v2\/posts\/41385\/revisions\/41387"}],"wp:featuredmedia":[{"embeddable":true,"href":"https:\/\/euconlaw.com\/pl\/wp-json\/wp\/v2\/media\/41189"}],"wp:attachment":[{"href":"https:\/\/euconlaw.com\/pl\/wp-json\/wp\/v2\/media?parent=41385"}],"wp:term":[{"taxonomy":"category","embeddable":true,"href":"https:\/\/euconlaw.com\/pl\/wp-json\/wp\/v2\/categories?post=41385"},{"taxonomy":"post_tag","embeddable":true,"href":"https:\/\/euconlaw.com\/pl\/wp-json\/wp\/v2\/tags?post=41385"}],"curies":[{"name":"wp","href":"https:\/\/api.w.org\/{rel}","templated":true}]}}