{"id":41704,"date":"2023-03-09T17:45:34","date_gmt":"2023-03-09T15:45:34","guid":{"rendered":"https:\/\/euconlaw.com\/?p=41704"},"modified":"2023-03-10T18:44:43","modified_gmt":"2023-03-10T16:44:43","slug":"nowa-solidarnosc-na-nowe-czasy-yaroslav-romanchuk-wystapil-na-viii-europejskim-kongresie-samorzadow","status":"publish","type":"post","link":"https:\/\/euconlaw.com\/pl\/nowa-solidarnosc-na-nowe-czasy-yaroslav-romanchuk-wystapil-na-viii-europejskim-kongresie-samorzadow\/","title":{"rendered":"Nowa solidarno\u015b\u0107 na nowe czasy: Yaroslav Romanchuk wyst\u0105pi\u0142 na VIII Europejskim Kongresie Samorz\u0105d\u00f3w"},"content":{"rendered":"<p><strong><em>Yaroslav Romanchuk<\/em><\/strong>, adwokat i partner zarz\u0105dzaj\u0105cy EUCON, zosta\u0142 prelegentem <strong>VIII Europejskiego Kongresu Samorz\u0105d\u00f3w<\/strong>, kt\u00f3ry odby\u0142 si\u0119 w dniach <strong>6-7 marca <\/strong>w <strong>Miko\u0142ajkach<\/strong>.<!--more--><\/p>\n<p><em>&#8222;Nowa solidarno\u015b\u0107 na nowe czasy&#8221; <\/em>&#8211; pod takim has\u0142em odby\u0142o si\u0119 wydarzenie zorganizowane przez <strong>Instytut Studi\u00f3w Wschodnich<\/strong>, kt\u00f3ry opracowuje r\u00f3\u017cnorodne projekty maj\u0105ce na celu tworzenie i rozwijanie wi\u0119zi politycznych, gospodarczych, kulturalnych i naukowych pomi\u0119dzy krajami europejskimi, a tak\u017ce odpowiada za organizacj\u0119 znanego Forum Ekonomicznego w Karpaczu. Europejski Kongres Samorz\u0105d\u00f3w sta\u0142 si\u0119 platform\u0105 wymiany pogl\u0105d\u00f3w i miejscem spotka\u0144 lider\u00f3w samorz\u0105dowych, regionalnych lider\u00f3w wp\u0142ywu, przedstawicieli administracji pa\u0144stwowej, organizacji pozarz\u0105dowych i biznesu.<\/p>\n<p><strong><em>Yaroslav Romanchuk <\/em><\/strong>wzi\u0105\u0142 udzia\u0142 w <strong>panelu dyskusyjnym<\/strong> <em>&#8222;Wsp\u00f3\u0142praca na rzecz odbudowy Ukrainy, cz. 2&#8221;<\/em><strong><em>, <\/em><\/strong>kt\u00f3ry odby\u0142 si\u0119 podczas drugiego dnia Kongresu.<\/p>\n<p>Paneli\u015bci dyskutowali o konsekwencjach zniszczenia ukrai\u0144skich miast i problemach region\u00f3w najbardziej dotkni\u0119tych przez wojn\u0119. Eksperci podkre\u015blali znaczenie pomocy ze strony UE i europejskich w\u0142adz regionalnych, ale tak\u017ce zwracali uwag\u0119 na konieczno\u015b\u0107 konsolidacji wysi\u0142k\u00f3w i \u0142\u0105czenia \u015brodk\u00f3w na odbudow\u0119 zar\u00f3wno w trakcie, jak i po wojnie. Prelegenci zwr\u00f3cili r\u00f3wnie\u017c uwag\u0119, \u017ce ju\u017c teraz podejmowane s\u0105 inicjatywy maj\u0105ce na celu odbudow\u0119 budynk\u00f3w mieszkalnych, infrastruktury krytycznej, transportowej i cywilnej, dlatego skuteczna koordynacja wysi\u0142k\u00f3w, tworzenie sieci i kontakt\u00f3w oraz dobra komunikacja pomi\u0119dzy poszczeg\u00f3lnymi miastami i regionami, w\u0142adzami unijnymi i ukrai\u0144skimi oraz lokalnymi stowarzyszeniami s\u0105 kluczowe dla udanej wymiany do\u015bwiadcze\u0144, technologii i zasob\u00f3w.<\/p>\n<p><strong>Panelistami r\u00f3wnie\u017c byli<\/strong>: <strong><em>Roman Matys <\/em><\/strong>\u2013 Przewodnicz\u0105cy, Biuro Inwestycji Mi\u0119dzynarodowych, Ukraina (moderator); <strong><em>Krzysztof Inglot <\/em><\/strong>\u2013 Za\u0142o\u017cyciel, Personnel Service, Polska; <strong><em>Aleksandra Jurkiewicz <\/em><\/strong>\u2013 Prezes Fundacji Legniskiej Specjalnej Strefy Ekonomicznej, Legnicka Specjalna Strefa Ekonomiczna S.A., Polska.<\/p>\n<div class=\"fotorama\" data-allowfullscreen=\"true\" data-nav=\"thumbs\">\n<img src=\"https:\/\/euconlaw.com\/wp-content\/uploads\/2023\/03\/microsoftteams-image-10.jpg\" width=\"640\" height=\"427\" alt=\"\" \/>\n<img src=\"https:\/\/euconlaw.com\/wp-content\/uploads\/2023\/03\/microsoftteams-image-11.jpg\" width=\"557\" height=\"836\" alt=\"\" \/>\n<img src=\"https:\/\/euconlaw.com\/wp-content\/uploads\/2023\/03\/microsoftteams-image-9.jpg\" width=\"640\" height=\"426\" alt=\"\" \/>\n<img src=\"https:\/\/euconlaw.com\/wp-content\/uploads\/2023\/03\/microsoftteams-image-7.jpg\" width=\"640\" height=\"853\" alt=\"\" \/>\n<img src=\"https:\/\/euconlaw.com\/wp-content\/uploads\/2023\/03\/microsoftteams-image-6.jpg\" width=\"640\" height=\"480\" alt=\"\" \/>\n<img src=\"https:\/\/euconlaw.com\/wp-content\/uploads\/2023\/03\/microsoftteams-image-5.jpg\" width=\"640\" height=\"426\" alt=\"\" \/>\n<img src=\"https:\/\/euconlaw.com\/wp-content\/uploads\/2023\/03\/microsoftteams-image-8.jpg\" width=\"640\" height=\"480\" alt=\"\" \/>\n<\/div>\n\n","protected":false},"excerpt":{"rendered":"<p>Yaroslav Romanchuk, adwokat i partner zarz\u0105dzaj\u0105cy EUCON, zosta\u0142 prelegentem VIII Europejskiego Kongresu Samorz\u0105d\u00f3w, kt\u00f3ry odby\u0142 si\u0119 w dniach 6-7 marca w Miko\u0142ajkach.<\/p>\n","protected":false},"author":3,"featured_media":41681,"comment_status":"closed","ping_status":"closed","sticky":false,"template":"","format":"standard","meta":[],"categories":[97],"tags":[],"yoast_head":"<!-- This site is optimized with the Yoast SEO plugin v16.6 - https:\/\/yoast.com\/wordpress\/plugins\/seo\/ -->\n<title>Nowa solidarno\u015b\u0107 na nowe czasy: Yaroslav Romanchuk wyst\u0105pi\u0142 na VIII Europejskim Kongresie Samorz\u0105d\u00f3w - EUCON Grupa Prawnicza<\/title>\n<meta name=\"robots\" content=\"index, follow, max-snippet:-1, max-image-preview:large, max-video-preview:-1\" \/>\n<link rel=\"canonical\" href=\"\/\" \/>\n<meta property=\"og:locale\" content=\"pl_PL\" \/>\n<meta property=\"og:type\" content=\"article\" \/>\n<meta property=\"og:title\" content=\"Nowa solidarno\u015b\u0107 na nowe czasy: Yaroslav Romanchuk wyst\u0105pi\u0142 na VIII Europejskim Kongresie Samorz\u0105d\u00f3w - EUCON Grupa Prawnicza\" \/>\n<meta property=\"og:description\" content=\"Yaroslav Romanchuk, adwokat i partner zarz\u0105dzaj\u0105cy EUCON, zosta\u0142 prelegentem VIII Europejskiego Kongresu Samorz\u0105d\u00f3w, kt\u00f3ry odby\u0142 si\u0119 w dniach 6-7 marca w Miko\u0142ajkach.\" \/>\n<meta property=\"og:site_name\" content=\"EUCON Grupa Prawnicza\" \/>\n<meta property=\"article:published_time\" content=\"2023-03-09T15:45:34+00:00\" \/>\n<meta property=\"article:modified_time\" content=\"2023-03-10T16:44:43+00:00\" \/>\n<meta property=\"og:image\" content=\"https:\/\/euconlaw.com\/wp-content\/uploads\/2023\/03\/microsoftteams-image-6.jpg\" \/>\n\t<meta property=\"og:image:width\" content=\"1024\" \/>\n\t<meta property=\"og:image:height\" content=\"768\" \/>\n<meta name=\"twitter:card\" content=\"summary_large_image\" \/>\n<meta name=\"twitter:label1\" content=\"Szacowany czas czytania\" \/>\n\t<meta name=\"twitter:data1\" content=\"2 minuty\" \/>\n<script type=\"application\/ld+json\" class=\"yoast-schema-graph\">{\"@context\":\"https:\/\/schema.org\",\"@graph\":[{\"@type\":\"WebSite\",\"@id\":\"https:\/\/euconlaw.com\/#website\",\"url\":\"https:\/\/euconlaw.com\/\",\"name\":\"EUCON Grupa Prawnicza\",\"description\":\"\",\"potentialAction\":[{\"@type\":\"SearchAction\",\"target\":{\"@type\":\"EntryPoint\",\"urlTemplate\":\"https:\/\/euconlaw.com\/?s={search_term_string}\"},\"query-input\":\"required name=search_term_string\"}],\"inLanguage\":\"pl-PL\"},{\"@type\":\"ImageObject\",\"@id\":\"#primaryimage\",\"inLanguage\":\"pl-PL\",\"url\":\"https:\/\/euconlaw.com\/wp-content\/uploads\/2023\/03\/microsoftteams-image-6.jpg\",\"contentUrl\":\"https:\/\/euconlaw.com\/wp-content\/uploads\/2023\/03\/microsoftteams-image-6.jpg\",\"width\":1024,\"height\":768},{\"@type\":\"WebPage\",\"@id\":\"#webpage\",\"url\":null,\"name\":\"Nowa solidarno\\u015b\\u0107 na nowe czasy: Yaroslav Romanchuk wyst\\u0105pi\\u0142 na VIII Europejskim Kongresie Samorz\\u0105d\\u00f3w - EUCON Grupa Prawnicza\",\"isPartOf\":{\"@id\":\"https:\/\/euconlaw.com\/#website\"},\"primaryImageOfPage\":{\"@id\":\"#primaryimage\"},\"datePublished\":\"2023-03-09T15:45:34+00:00\",\"dateModified\":\"2023-03-10T16:44:43+00:00\",\"author\":{\"@id\":\"https:\/\/euconlaw.com\/#\/schema\/person\/d8f2c0d3d1d40a4316c1d9d06f1c4898\"},\"breadcrumb\":{\"@id\":\"#breadcrumb\"},\"inLanguage\":\"pl-PL\",\"potentialAction\":[{\"@type\":\"ReadAction\",\"target\":[null]}]},{\"@type\":\"BreadcrumbList\",\"@id\":\"#breadcrumb\",\"itemListElement\":[{\"@type\":\"ListItem\",\"position\":1,\"name\":\"Home\",\"item\":\"https:\/\/euconlaw.com\/pl\/\"},{\"@type\":\"ListItem\",\"position\":2,\"name\":\"Nowa solidarno\\u015b\\u0107 na nowe czasy: Yaroslav Romanchuk wyst\\u0105pi\\u0142 na VIII Europejskim Kongresie Samorz\\u0105d\\u00f3w\"}]},{\"@type\":\"Person\",\"@id\":\"https:\/\/euconlaw.com\/#\/schema\/person\/d8f2c0d3d1d40a4316c1d9d06f1c4898\",\"name\":\"editor\",\"image\":{\"@type\":\"ImageObject\",\"@id\":\"https:\/\/euconlaw.com\/#personlogo\",\"inLanguage\":\"pl-PL\",\"url\":\"https:\/\/secure.gravatar.com\/avatar\/d6ebb9a06d772f7f8cc32bc6fd3e0f79?s=96&d=mm&r=g\",\"contentUrl\":\"https:\/\/secure.gravatar.com\/avatar\/d6ebb9a06d772f7f8cc32bc6fd3e0f79?s=96&d=mm&r=g\",\"caption\":\"editor\"}}]}<\/script>\n<!-- \/ Yoast SEO plugin. -->","_links":{"self":[{"href":"https:\/\/euconlaw.com\/pl\/wp-json\/wp\/v2\/posts\/41704"}],"collection":[{"href":"https:\/\/euconlaw.com\/pl\/wp-json\/wp\/v2\/posts"}],"about":[{"href":"https:\/\/euconlaw.com\/pl\/wp-json\/wp\/v2\/types\/post"}],"author":[{"embeddable":true,"href":"https:\/\/euconlaw.com\/pl\/wp-json\/wp\/v2\/users\/3"}],"replies":[{"embeddable":true,"href":"https:\/\/euconlaw.com\/pl\/wp-json\/wp\/v2\/comments?post=41704"}],"version-history":[{"count":1,"href":"https:\/\/euconlaw.com\/pl\/wp-json\/wp\/v2\/posts\/41704\/revisions"}],"predecessor-version":[{"id":41705,"href":"https:\/\/euconlaw.com\/pl\/wp-json\/wp\/v2\/posts\/41704\/revisions\/41705"}],"wp:featuredmedia":[{"embeddable":true,"href":"https:\/\/euconlaw.com\/pl\/wp-json\/wp\/v2\/media\/41681"}],"wp:attachment":[{"href":"https:\/\/euconlaw.com\/pl\/wp-json\/wp\/v2\/media?parent=41704"}],"wp:term":[{"taxonomy":"category","embeddable":true,"href":"https:\/\/euconlaw.com\/pl\/wp-json\/wp\/v2\/categories?post=41704"},{"taxonomy":"post_tag","embeddable":true,"href":"https:\/\/euconlaw.com\/pl\/wp-json\/wp\/v2\/tags?post=41704"}],"curies":[{"name":"wp","href":"https:\/\/api.w.org\/{rel}","templated":true}]}}