{"id":49402,"date":"2025-04-11T18:37:50","date_gmt":"2025-04-11T15:37:50","guid":{"rendered":"https:\/\/euconlaw.com\/?p=49402"},"modified":"2025-04-11T18:41:23","modified_gmt":"2025-04-11T15:41:23","slug":"iv-forum-prawne-ue-wschodnie-partnerstwo","status":"publish","type":"post","link":"https:\/\/euconlaw.com\/pl\/iv-forum-prawne-ue-wschodnie-partnerstwo\/","title":{"rendered":"IV Forum Prawne UE-Wschodnie Partnerstwo"},"content":{"rendered":"<p>Zapraszamy na <strong>IV Forum Prawne UE-Wschodnie Partnerstwo<\/strong>, kt\u00f3re odb\u0119dzie si\u0119 w dniach <strong>29-30 maja 2025 r. w Warszawie<\/strong>.<!--more--><\/p>\n<p>Nasze wydarzenie to coroczna wydarzenie, kt\u00f3re gromadzi lider\u00f3w spo\u0142eczno\u015bci prawnej i biznesowej, prawnik\u00f3w wewn\u0119trznych, akademik\u00f3w, specjalist\u00f3w ds. rozwoju biznesu i marketingu, czo\u0142owych specjalist\u00f3w R_Law oraz ekspert\u00f3w z r\u00f3\u017cnych bran\u017c z ponad 25 kraj\u00f3w na ca\u0142ym \u015bwiecie.<\/p>\n<p><strong>G\u0142\u00f3wne tematy tegorocznego Forum:<\/strong><\/p>\n<ul>\n<li><strong>Eksterytorialny wp\u0142yw sankcji na transgraniczne finansowanie i inwestycje w Partnerstwie Wschodnim UE, <\/strong>w tym fundusze inwestycyjne oraz transakcje papierami warto\u015bciowymi.<\/li>\n<\/ul>\n<ul>\n<li><strong>Wp\u0142yw CRS na rezydencj\u0119 podatkow\u0105 os\u00f3b prawnych i fizycznych: aspekty praktyczne i problemy.\u00a0<\/strong><\/li>\n<\/ul>\n<ul>\n<li><strong>W\u0142asno\u015b\u0107 intelektualna jako kluczowy czynnik innowacji i przewag konkurencyjnych: <\/strong>czy prawo nowych technologii stanie si\u0119 odr\u0119bn\u0105 dziedzin\u0105 prawa, czy przekszta\u0142ci si\u0119 w prawo w\u0142asno\u015bci intelektualnej?<\/li>\n<\/ul>\n<ul>\n<li><strong>Rekonstrukcja Ukrainy i mi\u0119dzynarodowe inwestycje finansowe: <\/strong>jak prawnicy mog\u0105 zapewni\u0107 bezpieczny dost\u0119p do rynku, chroni\u0107 inwestor\u00f3w w warunkach odbudowy po wojnie i zabezpieczy\u0107 ich przed przysz\u0142ymi ryzykami?<\/li>\n<\/ul>\n<ul>\n<li><strong>Wyzwania i strategie zarz\u0105dzania oraz realizacji aktyw\u00f3w zaj\u0119tych w wyniku korupcji i innych przest\u0119pstw w obecnych warunkach.\u00a0<\/strong><\/li>\n<\/ul>\n<ul>\n<li><strong>Zwi\u0119kszenie efektywno\u015bci poszukiwania i odzyskiwania aktyw\u00f3w uzyskanych w wyniku korupcji i innych przest\u0119pstw: <\/strong>rola i misja adwokatury w procesie poszukiwania i odzyskiwania aktyw\u00f3w.<\/li>\n<\/ul>\n<ul>\n<li><strong>Synergiczna komunikacja i wsp\u00f3\u0142praca prawnik\u00f3w konsultant\u00f3w oraz prawnik\u00f3w wewn\u0119trznych: <\/strong>jak tworzy\u0107 proste, zrozumia\u0142e i skuteczne rozwi\u0105zania, kt\u00f3re rozwi\u0105\u017c\u0105 problemy biznesu i zapobiegn\u0105 przysz\u0142ym ryzykom?<\/li>\n<\/ul>\n<ul>\n<li><strong>\u015acie\u017cka od prawnika do CEO: <\/strong>czy mo\u017cliwa jest synergia mi\u0119dzy biznesem a edukacj\u0105 w dobie gwa\u0142townego rozwoju sztucznej inteligencji?<strong>\u00a0<\/strong><\/li>\n<\/ul>\n<ul>\n<li><strong>Wp\u0142yw Legal Tech i sztucznej inteligencji na technologie marketingowe: <\/strong>jak te zmiany transformuj\u0105 wsp\u00f3\u0142prac\u0119 z prawnikami wewn\u0119trznymi?<\/li>\n<\/ul>\n<ul>\n<li><strong>R\u00f3\u017cnice kulturowe i mentalne mi\u0119dzy prawnikami z r\u00f3\u017cnych kraj\u00f3w: <\/strong>jak zorganizowa\u0107 skuteczn\u0105 prac\u0119 w mi\u0119dzynarodowych zespo\u0142ach?<\/li>\n<\/ul>\n<p><strong>Co czeka na uczestnik\u00f3w forum:<\/strong><\/p>\n<ul>\n<li>Dwa dni dynamicznych dyskusji, podczas kt\u00f3rych om\u00f3wione zostan\u0105 najistotniejsze tematy kszta\u0142tuj\u0105ce przysz\u0142o\u015b\u0107 zawodu prawnika i biznesu.<\/li>\n<li><strong>Networking<\/strong>: ponad 160 uczestnik\u00f3w z ponad 25 kraj\u00f3w.<\/li>\n<li><strong>11 paneli dyskusyjnych<\/strong> z t\u0142umaczeniem symultanicznym na trzy j\u0119zyki (angielski, polski, ukrai\u0144ski).<\/li>\n<li><strong>Gala Dinner i program rozrywkowy<\/strong> 29 maja.<\/li>\n<li><strong>Wieczorne przyj\u0119cie<\/strong> 30 maja w nieformalnym formacie \u201ebez krawat\u00f3w i wieczorowych sukienek\u201d.<\/li>\n<\/ul>\n<p><strong>Cel forum:<\/strong> Forum stanie si\u0119 miejscem spotkania dla wymiany do\u015bwiadcze\u0144, om\u00f3wienia najnowszych wyzwa\u0144 oraz poszukiwania nowych partner\u00f3w do wsp\u00f3lnej realizacji strategicznych inicjatyw w obszarze prawa i biznesu.<\/p>\n<p><strong>Data<\/strong>: 29-30 maja 2025<\/p>\n<p><strong>Miejsce<\/strong>: Centrum Konferencyjne Zielna, ul. Zielna 37 (Budynek C), 5. pi\u0119tro, Sala Warszawa+Berlin, Warszawa<\/p>\n<p><strong>Szczeg\u00f3\u0142y i rejestracja<\/strong>: <a href=\"https:\/\/legalforum.eu\/pl\/\">https:\/\/legalforum.eu<\/a><\/p>\n<p>Do\u0142\u0105cz do nas, razem stworzymy nowe mo\u017cliwo\u015bci dla rozwoju wsp\u00f3\u0142pracy prawnej i biznesowej!<\/p>\n<p>&nbsp;<\/p>\n","protected":false},"excerpt":{"rendered":"<p>Zapraszamy na IV Forum Prawne UE-Wschodnie Partnerstwo, kt\u00f3re odb\u0119dzie si\u0119 w dniach 29-30 maja 2025 r. w Warszawie.<\/p>\n","protected":false},"author":4,"featured_media":49394,"comment_status":"closed","ping_status":"closed","sticky":false,"template":"","format":"standard","meta":[],"categories":[97],"tags":[],"yoast_head":"<!-- This site is optimized with the Yoast SEO plugin v16.6 - https:\/\/yoast.com\/wordpress\/plugins\/seo\/ -->\n<title>IV Forum Prawne UE-Wschodnie Partnerstwo - EUCON Grupa Prawnicza<\/title>\n<meta name=\"robots\" content=\"index, follow, max-snippet:-1, max-image-preview:large, max-video-preview:-1\" \/>\n<link rel=\"canonical\" href=\"\/\" \/>\n<meta property=\"og:locale\" content=\"pl_PL\" \/>\n<meta property=\"og:type\" content=\"article\" \/>\n<meta property=\"og:title\" content=\"IV Forum Prawne UE-Wschodnie Partnerstwo - EUCON Grupa Prawnicza\" \/>\n<meta property=\"og:description\" content=\"Zapraszamy na IV Forum Prawne UE-Wschodnie Partnerstwo, kt\u00f3re odb\u0119dzie si\u0119 w dniach 29-30 maja 2025 r. w Warszawie.\" \/>\n<meta property=\"og:site_name\" content=\"EUCON Grupa Prawnicza\" \/>\n<meta property=\"article:published_time\" content=\"2025-04-11T15:37:50+00:00\" \/>\n<meta property=\"article:modified_time\" content=\"2025-04-11T15:41:23+00:00\" \/>\n<meta property=\"og:image\" content=\"https:\/\/euconlaw.com\/wp-content\/uploads\/2025\/04\/lf_640x360.jpg\" \/>\n\t<meta property=\"og:image:width\" content=\"800\" \/>\n\t<meta property=\"og:image:height\" content=\"450\" \/>\n<meta name=\"twitter:card\" content=\"summary_large_image\" \/>\n<meta name=\"twitter:label1\" content=\"Szacowany czas czytania\" \/>\n\t<meta name=\"twitter:data1\" content=\"2 minuty\" \/>\n<script type=\"application\/ld+json\" class=\"yoast-schema-graph\">{\"@context\":\"https:\/\/schema.org\",\"@graph\":[{\"@type\":\"WebSite\",\"@id\":\"https:\/\/euconlaw.com\/#website\",\"url\":\"https:\/\/euconlaw.com\/\",\"name\":\"EUCON Grupa Prawnicza\",\"description\":\"\",\"potentialAction\":[{\"@type\":\"SearchAction\",\"target\":{\"@type\":\"EntryPoint\",\"urlTemplate\":\"https:\/\/euconlaw.com\/?s={search_term_string}\"},\"query-input\":\"required name=search_term_string\"}],\"inLanguage\":\"pl-PL\"},{\"@type\":\"ImageObject\",\"@id\":\"#primaryimage\",\"inLanguage\":\"pl-PL\",\"url\":\"https:\/\/euconlaw.com\/wp-content\/uploads\/2025\/04\/lf_640x360.jpg\",\"contentUrl\":\"https:\/\/euconlaw.com\/wp-content\/uploads\/2025\/04\/lf_640x360.jpg\",\"width\":800,\"height\":450},{\"@type\":\"WebPage\",\"@id\":\"#webpage\",\"url\":null,\"name\":\"IV Forum Prawne UE-Wschodnie Partnerstwo - EUCON Grupa Prawnicza\",\"isPartOf\":{\"@id\":\"https:\/\/euconlaw.com\/#website\"},\"primaryImageOfPage\":{\"@id\":\"#primaryimage\"},\"datePublished\":\"2025-04-11T15:37:50+00:00\",\"dateModified\":\"2025-04-11T15:41:23+00:00\",\"author\":{\"@id\":\"https:\/\/euconlaw.com\/#\/schema\/person\/de4642ae12e8a3e4cbe14c0c81fe2c0b\"},\"breadcrumb\":{\"@id\":\"#breadcrumb\"},\"inLanguage\":\"pl-PL\",\"potentialAction\":[{\"@type\":\"ReadAction\",\"target\":[null]}]},{\"@type\":\"BreadcrumbList\",\"@id\":\"#breadcrumb\",\"itemListElement\":[{\"@type\":\"ListItem\",\"position\":1,\"name\":\"Home\",\"item\":\"https:\/\/euconlaw.com\/pl\/\"},{\"@type\":\"ListItem\",\"position\":2,\"name\":\"IV Forum Prawne UE-Wschodnie Partnerstwo\"}]},{\"@type\":\"Person\",\"@id\":\"https:\/\/euconlaw.com\/#\/schema\/person\/de4642ae12e8a3e4cbe14c0c81fe2c0b\",\"name\":\"o.nesuk\",\"image\":{\"@type\":\"ImageObject\",\"@id\":\"https:\/\/euconlaw.com\/#personlogo\",\"inLanguage\":\"pl-PL\",\"url\":\"https:\/\/secure.gravatar.com\/avatar\/9180238d5ec32d4ac9f9af3ae2cbcb5e?s=96&d=mm&r=g\",\"contentUrl\":\"https:\/\/secure.gravatar.com\/avatar\/9180238d5ec32d4ac9f9af3ae2cbcb5e?s=96&d=mm&r=g\",\"caption\":\"o.nesuk\"}}]}<\/script>\n<!-- \/ Yoast SEO plugin. -->","_links":{"self":[{"href":"https:\/\/euconlaw.com\/pl\/wp-json\/wp\/v2\/posts\/49402"}],"collection":[{"href":"https:\/\/euconlaw.com\/pl\/wp-json\/wp\/v2\/posts"}],"about":[{"href":"https:\/\/euconlaw.com\/pl\/wp-json\/wp\/v2\/types\/post"}],"author":[{"embeddable":true,"href":"https:\/\/euconlaw.com\/pl\/wp-json\/wp\/v2\/users\/4"}],"replies":[{"embeddable":true,"href":"https:\/\/euconlaw.com\/pl\/wp-json\/wp\/v2\/comments?post=49402"}],"version-history":[{"count":1,"href":"https:\/\/euconlaw.com\/pl\/wp-json\/wp\/v2\/posts\/49402\/revisions"}],"predecessor-version":[{"id":49403,"href":"https:\/\/euconlaw.com\/pl\/wp-json\/wp\/v2\/posts\/49402\/revisions\/49403"}],"wp:featuredmedia":[{"embeddable":true,"href":"https:\/\/euconlaw.com\/pl\/wp-json\/wp\/v2\/media\/49394"}],"wp:attachment":[{"href":"https:\/\/euconlaw.com\/pl\/wp-json\/wp\/v2\/media?parent=49402"}],"wp:term":[{"taxonomy":"category","embeddable":true,"href":"https:\/\/euconlaw.com\/pl\/wp-json\/wp\/v2\/categories?post=49402"},{"taxonomy":"post_tag","embeddable":true,"href":"https:\/\/euconlaw.com\/pl\/wp-json\/wp\/v2\/tags?post=49402"}],"curies":[{"name":"wp","href":"https:\/\/api.w.org\/{rel}","templated":true}]}}